{"id":3253,"date":"2025-10-02T10:35:39","date_gmt":"2025-10-02T10:35:39","guid":{"rendered":"https:\/\/www.unser-weissensee.de\/?p=3253"},"modified":"2025-10-02T14:17:34","modified_gmt":"2025-10-02T14:17:34","slug":"machbarschaften-pankow-kennenlernen-vernetzen-loslegen","status":"publish","type":"post","link":"https:\/\/www.unser-weissensee.de\/index.php\/2025\/10\/02\/machbarschaften-pankow-kennenlernen-vernetzen-loslegen\/","title":{"rendered":"Machbarschaften Pankow &#8211; kennenlernen, vernetzen, loslegen"},"content":{"rendered":"\n<p><\/p>\n\n\n\n<p>Liebe Pankower Nachbar*innen, Kolleg*innen und alle engagierten Menschen, wir freuen uns euch zu den n\u00e4chsten \u201e<strong>Machbarschaften<\/strong>\u201c der Teams Sorgende Netze &#8211; diesmal in Kooperation mit dem <strong><a href=\"https:\/\/benn-weissensee.de\/\">BENN-Team Wei\u00dfensee<\/a> <\/strong>und dem <strong><a href=\"http:\/\/www.stz-weissensee.de\">Stadtteilzentrum Wei\u00dfensee<\/a><\/strong>\u00a0\u2013 einladen zu d\u00fcrfen.\u00a0<br><br>Und wieder wollen wir uns und unsere Themen kennenlernen, gemeinsame Interessen sichtbar machen, an einem Tisch essen, uns gegenseitig ermutigen und ins Handeln kommen. F\u00fcr und mit der ganzen Nachbarschaft &#8211; also mit euch!<br><br>Wir glauben, dass in diesen Zeiten der Krisen und Unsicherheiten nachbarschaftliche Netzwerke besonders wichtig sind. Und auch ohne Krise ist das nachbarschaftliche Zusammenleben doch viel sch\u00f6ner, wenn man sich aufeinander verlassen und gemeinsam etwas zum Positiven ver\u00e4ndern kann.\u00a0<br><br>Neben dem, was euch antreibt und umtreibt, wird es auch wieder kurze, inspirierende Beitr\u00e4ge von engagierten Menschen geben, denen ihr lauschen und euch gerne anschlie\u00dfen k\u00f6nnt. Dieses Mal mit <strong>Dorota, die ihre Arbeit als Ehrenamtskoordinatorin der Gemeinschaftsunterkunft f\u00fcr Menschen mit Fluchterfahrung Treskowstrassee <\/strong>vorstellt , sowie <strong>Emily von Fair.Caf\u00e9 Weissensee der Initiative Faires.Pankow.<br><br>Wann: Mittwoch, 15.10.25 \/ 16 &#8211; 19 Uhr <\/strong><em>(seid gern etwas fr\u00fcher da und kommt in Ruhe an)<\/em><br><strong>Wo:\u00a0Stadtteilzentrum , Pistoriusstra\u00dfe 23, 13086 Berlin<br><\/strong><br>Meldet euch gern mit<a href=\"https:\/\/forms.gle\/xk4L7RKLmVT6gvQ67\">\u00a0diesem Formular<\/a>\u00a0an f\u00fcr unsere Essensplanung und Organisation<br>Wenn ihr damit Schwierigkeiten habt, antwortet einfach per E-Mail an:\u00a0<br><a href=\"mailto:jacques.chlopczyk@gmail.com\">jacques.chlopczyk@gmail.com<\/a><br><br>Kinder k\u00f6nnen sehr gern mitgebracht werden.<br><br>Vielleicht fallen euch noch Initiativen oder Personen ein, die dabei sein sollten?\u00a0<br>Bitte weitersagen und gern den Flyer weiterleiten oder ausdrucken und aush\u00e4ngen!<br><br>Wir freuen uns darauf, mit euch zusammen ins Machen zu kommen!<br><br><em>Mit lieben Gr\u00fc\u00dfen,\u00a0<br>Julia Scholz und Jacques Chlopczyk f\u00fcr das Team Sorgende Netze\u00a0<br>Conny Weiland f\u00fcr das Stadteilzentrum Wei\u00dfensee<br>Mika f\u00fcr das Team BENN-Weissensee<br><\/em><\/p>\n","protected":false},"excerpt":{"rendered":"<p>Liebe Pankower Nachbar*innen, Kolleg*innen und alle engagierten Menschen, wir freuen uns euch zu den n\u00e4chsten \u201eMachbarschaften\u201c der Teams Sorgende Netze &#8211; diesmal in Kooperation mit dem BENN-Team Wei\u00dfensee und dem Stadtteilzentrum Wei\u00dfensee\u00a0\u2013 einladen zu d\u00fcrfen.\u00a0 Und wieder wollen wir uns [&hellip;]<\/p>\n","protected":false},"author":5,"featured_media":3257,"comment_status":"closed","ping_status":"open","sticky":false,"template":"","format":"standard","meta":{"footnotes":""},"categories":[38],"tags":[287,262,48,286,41],"class_list":["post-3253","post","type-post","status-publish","format-standard","has-post-thumbnail","hentry","category-initiativen-berichten","tag-kennenlernen","tag-machbarschaft","tag-pankow","tag-vernetzen","tag-weissensee"],"_links":{"self":[{"href":"https:\/\/www.unser-weissensee.de\/index.php\/wp-json\/wp\/v2\/posts\/3253","targetHints":{"allow":["GET"]}}],"collection":[{"href":"https:\/\/www.unser-weissensee.de\/index.php\/wp-json\/wp\/v2\/posts"}],"about":[{"href":"https:\/\/www.unser-weissensee.de\/index.php\/wp-json\/wp\/v2\/types\/post"}],"author":[{"embeddable":true,"href":"https:\/\/www.unser-weissensee.de\/index.php\/wp-json\/wp\/v2\/users\/5"}],"replies":[{"embeddable":true,"href":"https:\/\/www.unser-weissensee.de\/index.php\/wp-json\/wp\/v2\/comments?post=3253"}],"version-history":[{"count":8,"href":"https:\/\/www.unser-weissensee.de\/index.php\/wp-json\/wp\/v2\/posts\/3253\/revisions"}],"predecessor-version":[{"id":3270,"href":"https:\/\/www.unser-weissensee.de\/index.php\/wp-json\/wp\/v2\/posts\/3253\/revisions\/3270"}],"wp:featuredmedia":[{"embeddable":true,"href":"https:\/\/www.unser-weissensee.de\/index.php\/wp-json\/wp\/v2\/media\/3257"}],"wp:attachment":[{"href":"https:\/\/www.unser-weissensee.de\/index.php\/wp-json\/wp\/v2\/media?parent=3253"}],"wp:term":[{"taxonomy":"category","embeddable":true,"href":"https:\/\/www.unser-weissensee.de\/index.php\/wp-json\/wp\/v2\/categories?post=3253"},{"taxonomy":"post_tag","embeddable":true,"href":"https:\/\/www.unser-weissensee.de\/index.php\/wp-json\/wp\/v2\/tags?post=3253"}],"curies":[{"name":"wp","href":"https:\/\/api.w.org\/{rel}","templated":true}]}}