{"id":3096,"date":"2025-07-22T07:51:04","date_gmt":"2025-07-22T07:51:04","guid":{"rendered":"https:\/\/www.unser-weissensee.de\/?p=3096"},"modified":"2025-07-23T15:19:21","modified_gmt":"2025-07-23T15:19:21","slug":"sommerferienprogramm-des-freizeithaus-e-v-2025","status":"publish","type":"post","link":"https:\/\/www.unser-weissensee.de\/index.php\/2025\/07\/22\/sommerferienprogramm-des-freizeithaus-e-v-2025\/","title":{"rendered":"Sommerferienprogramm des FreiZeitHaus e. V.  2025"},"content":{"rendered":"\n<p>Einige Standort des FreiZeitHaus e. V. laden in den Sommerferien zu tollen Aktionen. Die <a href=\"https:\/\/www.frei-zeit-haus.de\/projekte\/mobile-stadtteilarbeit.html\">Mobile Stadtteilarbeit (Most)<\/a> auf dem Ja!Space l\u00e4dt in den ersten drei Wochen zu Sport und Spiel und zu Mal- und Bastelaktionen. In der dritten Woche k\u00f6nnen die Kinder sogar ein Film drehen. <br><br>Das <a href=\"https:\/\/www.familienzentrum-weissensee.de\/\">Familienzentrum Wei\u00dfensee<\/a> hat viele Angebote in der Sommerzeit. Sommerfr\u00fchst\u00fcck, Queercaf\u00e9, kreatives Sommerbasteln, ein Regenbogenfamilien-Picknick, Bootsbauworkshops und vieles mehr.<br><br>Im <a href=\"http:\/\/www.stz-weissensee.de\">Stadtteilzentrum Wei\u00dfensee<\/a> findet immer dienstags von 16 &#8211; 19 Uhr das Sommercaf\u00e9 mit offenem Grill statt. Au\u00dferdem wird es donnerstags Bastelangebote geben. Der Verein <a href=\"https:\/\/sources-despoir.org\/einladung-sommerferien-30-juli-bis-1-august-2025\/\">Soures d&#8217;Espoir e. V.<\/a> bietet ein kreatives Ferienabenteuer an. Hierf\u00fcr bitte unbedingt anmelden unter: <a href=\"mailto:info@sources-despoir.com\">info@sources-despoir.com<\/a><\/p>\n\n\n\n<p><\/p>\n\n\n\n<p>Im <a href=\"https:\/\/www.frei-zeit-haus.de\/projekte\/nachbarschaftstreff-naimo.html\">NaiMo &#8211; Nachbarschaftstreff im Moselviertel<\/a> wird es in den ersten zwei Wochen viele Angebote geben: Naturkosmetik selber herstellen, Ausfl\u00fcge zum Naturhof Malchow und zum See, Insektenhotels bauen und vieles mehr.<\/p>\n\n\n\n<p>Hier im ist das Ferienprogramm als PDF hinterlegt und es kann heruntergeladen werden. <\/p>\n\n\n\n<div class=\"wp-block-file\"><a id=\"wp-block-file--media-c05ec5fe-61bc-4690-8a48-cefe83e1b74f\" href=\"https:\/\/www.unser-weissensee.de\/wp-content\/uploads\/2025\/07\/Sommerferienprogramm_FZH_2025-4.pdf\">Sommerferienprogramm_FZH_2025<\/a><a href=\"https:\/\/www.unser-weissensee.de\/wp-content\/uploads\/2025\/07\/Sommerferienprogramm_FZH_2025-4.pdf\" class=\"wp-block-file__button wp-element-button\" download aria-describedby=\"wp-block-file--media-c05ec5fe-61bc-4690-8a48-cefe83e1b74f\">Herunterladen<\/a><\/div>\n\n\n\n<p>Wir w\u00fcnschen allen Kindern sch\u00f6ne Sommerferien!<\/p>\n","protected":false},"excerpt":{"rendered":"<p>Einige Standort des FreiZeitHaus e. V. laden in den Sommerferien zu tollen Aktionen. Die Mobile Stadtteilarbeit (Most) auf dem Ja!Space l\u00e4dt in den ersten drei Wochen zu Sport und Spiel und zu Mal- und Bastelaktionen. In der dritten Woche k\u00f6nnen [&hellip;]<\/p>\n","protected":false},"author":5,"featured_media":2398,"comment_status":"closed","ping_status":"open","sticky":false,"template":"","format":"standard","meta":{"footnotes":""},"categories":[7],"tags":[43,61,223,60,187,67,131,189,282,283,69,41],"class_list":["post-3096","post","type-post","status-publish","format-standard","has-post-thumbnail","hentry","category-aktivitaeten-fuer-familien","tag-berlin","tag-familien","tag-familienzentrum_weissensee","tag-kinder","tag-mobile-stadtarbeit-weissensee-ost","tag-most","tag-nachbarschaft","tag-nachbarschaftstreff-im-moselviertel","tag-sommer2025","tag-sommerferien2025","tag-stz-weissensee","tag-weissensee"],"_links":{"self":[{"href":"https:\/\/www.unser-weissensee.de\/index.php\/wp-json\/wp\/v2\/posts\/3096","targetHints":{"allow":["GET"]}}],"collection":[{"href":"https:\/\/www.unser-weissensee.de\/index.php\/wp-json\/wp\/v2\/posts"}],"about":[{"href":"https:\/\/www.unser-weissensee.de\/index.php\/wp-json\/wp\/v2\/types\/post"}],"author":[{"embeddable":true,"href":"https:\/\/www.unser-weissensee.de\/index.php\/wp-json\/wp\/v2\/users\/5"}],"replies":[{"embeddable":true,"href":"https:\/\/www.unser-weissensee.de\/index.php\/wp-json\/wp\/v2\/comments?post=3096"}],"version-history":[{"count":10,"href":"https:\/\/www.unser-weissensee.de\/index.php\/wp-json\/wp\/v2\/posts\/3096\/revisions"}],"predecessor-version":[{"id":3115,"href":"https:\/\/www.unser-weissensee.de\/index.php\/wp-json\/wp\/v2\/posts\/3096\/revisions\/3115"}],"wp:featuredmedia":[{"embeddable":true,"href":"https:\/\/www.unser-weissensee.de\/index.php\/wp-json\/wp\/v2\/media\/2398"}],"wp:attachment":[{"href":"https:\/\/www.unser-weissensee.de\/index.php\/wp-json\/wp\/v2\/media?parent=3096"}],"wp:term":[{"taxonomy":"category","embeddable":true,"href":"https:\/\/www.unser-weissensee.de\/index.php\/wp-json\/wp\/v2\/categories?post=3096"},{"taxonomy":"post_tag","embeddable":true,"href":"https:\/\/www.unser-weissensee.de\/index.php\/wp-json\/wp\/v2\/tags?post=3096"}],"curies":[{"name":"wp","href":"https:\/\/api.w.org\/{rel}","templated":true}]}}