{"id":2939,"date":"2025-04-11T09:48:43","date_gmt":"2025-04-11T09:48:43","guid":{"rendered":"https:\/\/www.unser-weissensee.de\/?p=2939"},"modified":"2025-04-30T08:14:44","modified_gmt":"2025-04-30T08:14:44","slug":"19-sozial-kultur-markt-auf-dem-antonplatz","status":"publish","type":"post","link":"https:\/\/www.unser-weissensee.de\/index.php\/2025\/04\/11\/19-sozial-kultur-markt-auf-dem-antonplatz\/","title":{"rendered":"19. Sozial-Kultur-Markt auf dem Antonplatz"},"content":{"rendered":"\n<p>Auf dem Sozial-Kultur-Markt stellen sich soziale Einrichtungen, Vereine und Initiativen<br>aus Pankow vor und freuen sich auf Gespr\u00e4che mit Interessierten. An ihren<br>St\u00e4nden gibt es ein vielf\u00e4ltiges Mit-Mach-Angebot f\u00fcr Gro\u00df und Klein, wie z. B., Pflegeberatung,<br>Tattoos, Wimpelkette f\u00fcr mehr Vielfalt, Blutdruckmessung, Verkauf von<br>selbstgen\u00e4hten Taschen und Kuscheltieren, Gl\u00fccksrad f\u00fcr ein Miteinander, Privilegiencheck,<br>Holzmemory, Kindert\u00f6pfern, Mitmachzirkus, Pflanzentauschb\u00f6rse u. v. m.<br>F\u00fcr das leibliche Wohl ist ebenfalls gesorgt.<\/p>\n\n\n\n<p><strong>Mit dabei in diesem Jahr:<\/strong> Albert Schweitzer Stiftung &#8211; Wohnen &amp; Betreuen Angebote<br>zur Teilhabe \u2022 AWO Tagespflege Sonnenplatz \u2022 BA Pankow, Sanierungs- und F\u00f6rdergebiet<br>Langhansstra\u00dfe\/Stadtteilvertretung f\u00fcr das Sanierungsgebiet Langhansstra\u00dfe \u2022<br>Betreuungsverein Pankow \u2022 BENN Wei\u00dfensee \u2022 Bildungsverein am Kreuzpfuhl e.V. \u2022<br>Come Back Coaching \u2022 Die kommunalen Begegnungsst\u00e4tten in Pankow \u2022 die reha<br>e.V. \u2022 Ev. Kirchengemeinde Wei\u00dfensee \u2022 Familienzentrum Wei\u00dfensee \u2022 FiPP-Nische<br>und Freiraum \u2022 FreiwilligenAgendtur Pankow \u2022 Heimatfreunde Wei\u00dfensee e.V. \u2022 JFE<br>Mahler20 \u2022 Kontakt- und Informationsstelle Selbsthilfe \u2022 Kontaktstelle PflegeEngamement<br>Pankow \u2022 Kulturf\u00f6rderverein \u2022 KulturMarktHalle e.V. \u2022 Mestizx \u2022 MAXIM<br>Kinder- und Jugendkulturzentrum \u2022 Mobile Stadtteilarbeit Wei\u00dfensee-Ost \u2022 moskito<br>Fach- und Netzwerkstelle gegen Rechtsextremismus, f\u00fcr Demokratie und Vielfalt \u2022<br>Musikschule B\u00e9la Bart\u00f3k \u2022 Nachbarschaftstreff im Moselviertel \u2022 OC23 Kinderring \u2022<br>Sehstern e.V. \u2022 Selbsthilfeverein der Geringverdienenden und Erwerbslosen Pankow \u2022<br>Seniorenservice Bezirksamt Pankow \u2022 Seniorenstiftung Prenzlauer Berg \u2022 Sources<br>d\u00b4espoir \u2022 Stadtteilzentrum Wei\u00dfensee \u2022 Stephanus gGmbH \u2022 Stolpersteine Wei\u00dfensee<br>Umsonstladen \u2022 Vereinigung junger Freiwilliger \u2022 Wei\u00dfenseer Kultursommer \u2022<br>Wei\u00dfenseer Integrationsbetriebe \u2013 WIB GmbH \u2022 Zukunftswerkstatt Heinersdorf \u2022 u. a.<\/p>\n\n\n\n<p><strong>RAHMENPROGRAMM<\/strong><br>15:00 \u2013 15:20 Uhr \/\/ <strong>Jugendjazzband Musikschule<\/strong> \/\/ B\u00e9la Bart\u00f3k<br>15:20 \u2013 15:35 Uhr \/\/ <strong>Begr\u00fc\u00dfung<\/strong><br>15:35 \u2013 16:00 Uhr \/\/ <strong>Saxophonensemble <\/strong>\/\/ Musikschule B\u00e9la Bart\u00f3k<br>16:00 \u2013 16:30 Uhr \/\/ <strong>Stolperstein-Spaziergang<\/strong><br>16:30 \u2013 17:00 Uhr \/\/ <strong>Rap-Duo Sina &amp; Ferner<\/strong><br>17:00 \u2013 17:30 Uhr \/\/ <strong>Tanz- und Karat\u00e9-Show<\/strong> \/\/ Dokan Sportclub<br>17:30 \u2013 18:00 Uhr \/\/ <strong>Bl\u00e4serensemble<\/strong> \/\/ Musikschule B\u00e9la Bart\u00f3k<br>18:00 \u2013 18:30 Uhr \/\/ <strong>B\u00e9la tanzt \u2013 Weltmusik zum Zuh\u00f6ren und Mittanzen<\/strong> \/\/ Musikschule B\u00e9la Bart\u00f3k<br><\/p>\n\n\n\n<p><em>B\u00fchnentechnik:<\/em> MAXIM Kinder- und Jugendkulturzentrum<br><em>Organisation &amp; Logistik:<\/em> FreiwilligenAgentur Pankow und FreiZeitHaus e. V.<\/p>\n\n\n\n<p><a href=\"https:\/\/www.unser-weissensee.de\/index.php\/2023\/03\/30\/der-sozial-kultur-markt-auf-dem-antonplatz-in-weissensee\/\">Hier nochmal ein Link zu einem \u00e4lteren Beitrag zum Sozial-Kultur-Markt. Wir hatten hier ein Interview mit dem fr\u00fcheren Gesch\u00e4ftsf\u00fchrer des FreiZeitHaus e. V. zur Entstehung des Sozial-Kultur-Marktes. Lest hier!<\/a><\/p>\n\n\n\n<p><\/p>\n","protected":false},"excerpt":{"rendered":"<p>Auf dem Sozial-Kultur-Markt stellen sich soziale Einrichtungen, Vereine und Initiativenaus Pankow vor und freuen sich auf Gespr\u00e4che mit Interessierten. An ihrenSt\u00e4nden gibt es ein vielf\u00e4ltiges Mit-Mach-Angebot f\u00fcr Gro\u00df und Klein, wie z. B., Pflegeberatung,Tattoos, Wimpelkette f\u00fcr mehr Vielfalt, Blutdruckmessung, Verkauf [&hellip;]<\/p>\n","protected":false},"author":5,"featured_media":2941,"comment_status":"closed","ping_status":"open","sticky":false,"template":"","format":"standard","meta":{"footnotes":""},"categories":[7,9,38],"tags":[134,43,58,131,265,266,41],"class_list":["post-2939","post","type-post","status-publish","format-standard","has-post-thumbnail","hentry","category-aktivitaeten-fuer-familien","category-ehrenamt-in-weissensee","category-initiativen-berichten","tag-antonplatz","tag-berlin","tag-freizeithause-v","tag-nachbarschaft","tag-skm","tag-sozial-kultur-markt","tag-weissensee"],"_links":{"self":[{"href":"https:\/\/www.unser-weissensee.de\/index.php\/wp-json\/wp\/v2\/posts\/2939","targetHints":{"allow":["GET"]}}],"collection":[{"href":"https:\/\/www.unser-weissensee.de\/index.php\/wp-json\/wp\/v2\/posts"}],"about":[{"href":"https:\/\/www.unser-weissensee.de\/index.php\/wp-json\/wp\/v2\/types\/post"}],"author":[{"embeddable":true,"href":"https:\/\/www.unser-weissensee.de\/index.php\/wp-json\/wp\/v2\/users\/5"}],"replies":[{"embeddable":true,"href":"https:\/\/www.unser-weissensee.de\/index.php\/wp-json\/wp\/v2\/comments?post=2939"}],"version-history":[{"count":5,"href":"https:\/\/www.unser-weissensee.de\/index.php\/wp-json\/wp\/v2\/posts\/2939\/revisions"}],"predecessor-version":[{"id":2950,"href":"https:\/\/www.unser-weissensee.de\/index.php\/wp-json\/wp\/v2\/posts\/2939\/revisions\/2950"}],"wp:featuredmedia":[{"embeddable":true,"href":"https:\/\/www.unser-weissensee.de\/index.php\/wp-json\/wp\/v2\/media\/2941"}],"wp:attachment":[{"href":"https:\/\/www.unser-weissensee.de\/index.php\/wp-json\/wp\/v2\/media?parent=2939"}],"wp:term":[{"taxonomy":"category","embeddable":true,"href":"https:\/\/www.unser-weissensee.de\/index.php\/wp-json\/wp\/v2\/categories?post=2939"},{"taxonomy":"post_tag","embeddable":true,"href":"https:\/\/www.unser-weissensee.de\/index.php\/wp-json\/wp\/v2\/tags?post=2939"}],"curies":[{"name":"wp","href":"https:\/\/api.w.org\/{rel}","templated":true}]}}