{"id":2796,"date":"2025-03-03T15:49:07","date_gmt":"2025-03-03T15:49:07","guid":{"rendered":"https:\/\/www.unser-weissensee.de\/?p=2796"},"modified":"2025-12-11T11:41:42","modified_gmt":"2025-12-11T11:41:42","slug":"kiezspaziergang-und-fotoprojekt-wir-sind-weissensee","status":"publish","type":"post","link":"https:\/\/www.unser-weissensee.de\/index.php\/2025\/03\/03\/kiezspaziergang-und-fotoprojekt-wir-sind-weissensee\/","title":{"rendered":"Kiezspaziergang und Fotoprojekt &#8211; \u201eWir sind Wei\u00dfensee\u201c"},"content":{"rendered":"\n<p><\/p>\n\n\n\n<p><strong>Ein ehrenamtliches und inklusives Projekt zur Identit\u00e4tsbildung im Kiez, Nachbarschaftsvernetzung und Transparenz kultureller Angebote<\/strong><\/p>\n\n\n\n<p>Ich sitze in der Tram Richtung Hansastra\u00dfe\/Buschalle um dort Ulla und Sebastian zu treffen. Mein Nachbar Daniel w\u00fcrde sp\u00e4ter nachkommen. Ulla, ein sehr r\u00fccksichtsvoller und gutm\u00fctiger Charakter mit gro\u00dfen freundlichen Augen, habe ich vor etwas mehr als 2 Jahren kennen gelernt, als wir uns mit unseren damals noch sehr kleinen Babies in der Krabbelgruppe im Familienzentrum Wei\u00dfensee \u00fcber den Weg liefen. Krabbelgruppen, \u201e<strong><a href=\"https:\/\/www.familienzentrum-weissensee.de\/\">Familienzentrum<\/a><\/strong>\u201c, \u201e<strong><a href=\"http:\/\/www.stz-weissensee.de\">Stadtteilzentrum<\/a><\/strong>\u201c\u2026alles Dinge und Einrichtungen, die ich vor der Geburt meiner Tochter gar nicht wahrgenommen hatte oder mich das Fragezeichen, was mich dahinter erwarten w\u00fcrde, zu sehr daran hinderte mal nachzusehen.<\/p>\n\n\n\n<p>Als frische Mama, die sich mit einem Mal von einem sehr aktiven und sozialen Alltag mit einer fast zu ruhigen neue Alltagssituation konfrontiert sah, wurden diese Orte f\u00fcr mich und meine Tochter wichtige Knotenpunkte zur Vernetzung und Austausch mit Eltern in Wei\u00dfensee. &nbsp;Dort konnten wir der anf\u00e4nglichen Isolationskultur entgegensteuern, in die man vom Freundeskreis aus R\u00fccksichtnahme hinsichtlich der neuen und herausfordernden Lebenssituation entlassen wurde.&nbsp; Dieser neue Alltag mit begrenztem Bewegungsradius \u00f6ffnete mir aber die Augen f\u00fcr das unmittelbar vor mir liegende und ich begann Wei\u00dfensee, als den Ort, der seit 10 Jahren meine Basis ist, aber auch seine Bewohner*innen, neu zu entdecken. Mit einem Kind waren die Interaktionen mit meinen Mitmenschen pl\u00f6tzlich viel offener und h\u00e4ufiger, man r\u00fcckte mehr und mehr aus der Anonymit\u00e4t in ein sehr wohlwollendes Nachbarschaftsgeflecht, welches eine Spannweite des Interaktionsmusters von einem einfachen Gru\u00df bis hin zu langen, spontanen Gespr\u00e4chen auf der Stra\u00dfe reichte. Wei\u00dfensee wurde fast zu einem Dorf f\u00fcr mich, in dem ich mich mehr und mehr verwoben f\u00fchlte. Etwas, was ich als Urberlinerin und damit auch Gro\u00dfst\u00e4dterin, die viel unterwegs war, als unbekannt empfand und ich mein \u201eHeimatgef\u00fchl\u201c \u2013 wenn ich so etwas \u00fcberhaupt hatte &#8211; zuvor eher in mir nahestehenden Menschen und nie an Bezirken verortet hatte.<\/p>\n\n\n\n<p>Und nun stehe ich hier neben Ulla und den mir bis dahin noch unbekannten Sebastian, der meinem Aufruf auf nebenan.de zum Kiezspaziergang gefolgt war, und leite diesen Kiezspaziergang. Ich hatte keinen exakten Plan und ehrlich gesagt keine Ahnung wohin uns das inhaltlich f\u00fchren sollte. \u00dcberraschenderweise war das genau die richtige Vorbedingung f\u00fcr unsere Gespr\u00e4che, die dadurch frei und sehr nat\u00fcrlich zwischen Kiezgedanken und privaten Themen schwingen konnten. R\u00e4umlich gab es schon ein Ziel. Die Teilnehmer*innen hatten mir vorab Orte verraten, die sie gerne in den Spaziergang einbauen wollten. Orte, die sie entweder anzog oder deren Zustand sie diskutieren wollten. Schlie\u00dflich wollten wir auch dar\u00fcber nachdenken, was Weissensee attraktiver machen k\u00f6nnte und waren uns einig, dass eine B\u00fcrger*innenbeteiligung und st\u00e4ndiger Austausch bei der Kiezgestaltung essentiell w\u00e4ren, um sich mit dem eigenen Kiez identifizieren zu k\u00f6nnen, Verantwortung zu \u00fcbernehmen, Selbstwirksamkeit und politisches Mitspracherecht auf kommunaler Ebene zu erleben und sich schlie\u00dflich ein Wohlbefinden dadurch einstellt, dass die individuellen Bed\u00fcrfnisse im Kiez gespiegelt werden.<\/p>\n\n\n\n<figure class=\"wp-block-image size-full\"><img loading=\"lazy\" decoding=\"async\" width=\"800\" height=\"600\" src=\"https:\/\/www.unser-weissensee.de\/wp-content\/uploads\/2025\/02\/1-1.jpg\" alt=\"Mein gr\u00f6\u00dftes Bed\u00fcrfnis ist Natur und die damit verbundene Freiheit, die ich r\u00e4umlich als auch zeitlich gedehnt genie\u00dfe. Und deswegen nehme ich die beiden zum Aufw\u00e4rmen mit in das nahe gelegene Naturschutzgebiet \u201eFauler See\u201c [Bild 1].\" class=\"wp-image-2884\"\/><figcaption class=\"wp-element-caption\"><em>Mein gr\u00f6\u00dftes Bed\u00fcrfnis ist Natur und die damit verbundene Freiheit, die ich r\u00e4umlich als auch zeitlich gedehnt genie\u00dfe. Und deswegen nehme ich die beiden zum Aufw\u00e4rmen mit in das nahe gelegene Naturschutzgebiet \u201eFauler See\u201c [Bild 1].<\/em><\/figcaption><\/figure>\n\n\n\n<p><\/p>\n\n\n\n<p><em>Sebastian ist ungef\u00e4hr seit einem Jahr in Wei\u00dfensee, kennt das NSG aber aus der fr\u00fchen Kindheit seiner Tochter, da sie hier den <strong>Waldspielplatz<\/strong> besuchten. \u201eAls Eltern \u00fcberlegt man ja immer was man mit den Kindern am Nachmittag unternehmen kann und schaut auch mal \u00fcber den Tellerrand hinaus.\u201c sagt er sinngem\u00e4\u00df. Leider hat sich der Waldspielplatz sehr ver\u00e4ndert. Zurzeit w\u00fctet hier der Eichenprozessionsspinner und das gesamte in die Jahre gekommene Kletterger\u00fcst wurde komplett abgebaut \u2013 ohne Ersatz. An sich finde ich das okay, da Kinder am kreativsten werden, wenn ihnen keine Strukturen vorschreiben, was sie tun k\u00f6nnen, und das freie Spiel bef\u00f6rdert wird. Das Gel\u00e4nde ist aber gro\u00df und es ist schade, dass es Zentren f\u00fcr Umweltbildung, die die Natur den Kindern zug\u00e4nglich machen k\u00f6nnen, immer nur in anderen Bezirken anzutreffen sind, wie das \u201eHaus der Natur\u201c n\u00e4he Grunewald. Ich w\u00fcnsche mir hier einen kleinen Bereich auf dem gro\u00dfen Gel\u00e4nde, der bspw. Kleinen Forscher*innen Stationen anbietet, der ihre Sinne auf ihre Umgebung sch\u00e4rft- wie etwa eine Waldbingo Station, Waldmemory etc. Hier finde ich die Schlichtheit aber okay. Dennoch sind die Spielpl\u00e4tze in Wei\u00dfensee sehr uninspiriert und z.T. verwahrlost. Wie sch\u00f6n w\u00e4re einer nach dem Vorbild des Berliner oder \u201e<strong>Eberswalder Zoo\u2019s<\/strong>\u201c wo auch kleine Kinder, die bei Spielplatzplanungen ja immer komplett au\u00dfen vor sind, schon die Elemente nutzen k\u00f6nnten. Auch Ulla zeigt uns sp\u00e4ter ihren Lieblingsspielplatz in der <strong>Meyerbeerstra\u00dfe<\/strong>. Fr\u00fcher kletterten hier manchmal Kinder mit Klettergurt die Schr\u00e4ge hinauf, versteckten sich und spielten Fange auf dem oberen Plateau. \u201eDer ganze hintere Bereich wurde zur\u00fcck gebaut.\u201c sagt Ulla. Warum wurden nur morsche St\u00e4mme gewechselt und das Ger\u00fcst nicht wiederhergestellt? Das ist ein wahnsinniger Verlust, findet sie. Schlie\u00dflich sei das einer der weniger Spielpl\u00e4tze mit Schatten in Wei\u00dfensee. Die meisten anderen sind im Sommer v\u00f6llig unzumutbar.\u00a0 Sie hat recht. Auch das \u201eStadtteilzentrum\u201c musste leider das Trampolin ersatzlos entfernen und hat scheinbar leider derzeit keine Mittel f\u00fcr einen Wiederaufbau. Das Thema Entbehrung ohne Alternative wird uns auf dem Spaziergang noch h\u00e4ufiger begegnen.<\/em><\/p>\n\n\n\n<p><\/p>\n\n\n\n<figure class=\"wp-block-image size-full\"><img loading=\"lazy\" decoding=\"async\" width=\"600\" height=\"800\" src=\"https:\/\/www.unser-weissensee.de\/wp-content\/uploads\/2025\/02\/2.jpg\" alt=\"\" class=\"wp-image-2888\"\/><figcaption class=\"wp-element-caption\"><em>Wir laufen weiter zur Aussichtsplattform und blicken gemeinsam auf den \u201e<strong>Faulen See<\/strong>\u201c[Bild 2].<\/em><\/figcaption><\/figure>\n\n\n\n<p>Erfreulicherweise birgt der See endlich wieder richtig viel Wasser und er ist alles andere als faulig. Der See scheint sich etwas erholt zu haben. Auch die Schw\u00e4ne, heimische Greif- und Wasserv\u00f6gel leben hier wieder zahlreich. Die Waldger\u00fcche und die Ruhe mitten in der Stadt verbinden uns irgendwie, habe ich das Gef\u00fchl. Hier gibt es nichts, was einen ablenkt. So ein Stadtwald scheint auch bei den Joggern beliebt, die uns hier an hei\u00dfen Tagen besonders auffallen und hier sicher das k\u00fchle Klima und den weichen Waldboden beim Sport suchen. Kaum zu fassen, dass man vom Antonplatz nur 6 Minuten mit der Bahn und weitere 5 Minuten zu Fu\u00df her braucht. Uns f\u00e4llt auf, wie auch wir viel in unseren gedanklich fixierten, individuellen Einzugsbereichen in Wei\u00dfensee verhaftet sind und es oft schwer ist, sich im Alltag dar\u00fcber hinaus zu bewegen. Woran liegt das?\u00a0 Wir Menschen haben hier die Freiheit, unsere Umgebung zu verlassen, w\u00e4hlen aber doch das Vertraute. Vielleicht weil es weniger Energie, Planung und Aufwand bedeutet? Weil es tief in unseren menschlichen Bed\u00fcrfnissen nach Sicherheit, sozialer Bindung und Stabilit\u00e4t verwurzelt ist? Manchmal ist es den Aufwand aber wert und wir 3, so beschlie\u00dft jeder f\u00fcr sich, wollen zumindest hier wieder \u00f6fters herkommen. \u00a0 \u00a0<\/p>\n\n\n\n<figure class=\"wp-block-image size-full\"><img loading=\"lazy\" decoding=\"async\" width=\"800\" height=\"600\" src=\"https:\/\/www.unser-weissensee.de\/wp-content\/uploads\/2025\/02\/3-1.jpg\" alt=\"\" class=\"wp-image-2889\"\/><figcaption class=\"wp-element-caption\"><em>Unser Weg f\u00fchrt uns nun am <strong>Orankesee<\/strong> entlang [Bild 3].<\/em><\/figcaption><\/figure>\n\n\n\n<p>Erst diese Woche wollte ich mit meiner Tochter und meinem Mann am sp\u00e4ten Nachmittag hierher. Um die 23\u20ac h\u00e4tten wir gemeinsam bezahlt. Zu so fortgeschrittener Stunde noch so viel zu bezahlen und unsere Kleine noch dazu als Vollzahlerin \u2013 das war uns spontan dann doch zu viel. Das <strong><a href=\"https:\/\/www.strandbadweissensee.de\/\" data-type=\"link\" data-id=\"https:\/\/www.strandbadweissensee.de\/\">Strandbad Wei\u00dfensee<\/a><\/strong>, das seit 1920 besteht, ist etwas g\u00fcnstiger aber ebenso sonnenexponiert und sehr dicht gedrungen. Wer hier also Baden will, brauch die n\u00f6tige finanzielle Liquidit\u00e4t. Der Park rund um den Wei\u00dfensee ist eine gesch\u00fctzte Gr\u00fcnanlage und das Baden an anderen Stellen als des Strandbads eigentlich verboten. Wilde Badestellen gibt es aber trotzdem jeden Sommer. \u00a0Wir bemerken beim Diskutieren, wie schwer die die Vereinbarkeit zwischen \u00f6kologischer Erholung und menschlicher Nutzung st\u00e4dtischer Kleinhabitate wie solcher Seen zu erreichen ist. Einerseits ist es vollkommen richtig, dem See samt seiner Flora und Fauna Raum zu geben, den \u00f6kologischen Zustand wenigstens ansatzweise herzustellen. Andererseits sind Gew\u00e4sser in st\u00e4dtischen Gebieten wichtige Erholungsorte, besonders an hei\u00dfen Tagen. Ein guter Kompromiss w\u00e4re es doch zum einen, statt Verbotsschilder eher eine Infotafel mit positiven nudging zu installieren, die die Notwendigkeit der Ma\u00dfnahmen betont und die langfristigen Vorteile verlockend hervorhebt, um wiederum die Akzeptanz erh\u00f6hen. Und zum anderen eine zeitlich und r\u00e4umlich begrenzte Badezone oder saisonale Regelungen in einem Bereich zu schaffen, der \u00f6kologisch weniger sensibel ist. Zumindest bietet die Plansche eine Alternative f\u00fcr Kinder, sich unter den Wasserfont\u00e4nen abzuk\u00fchlen.<\/p>\n\n\n\n<p>Wir \u00fcberqueren nun die <strong>Hansastra\u00dfe<\/strong> und treffen Daniel, meinen Nachbarn, der unsere schon gut gelaunte Truppe mit seinem frohen und gelassenen Sonntagsgem\u00fct vervollst\u00e4ndigt. Die Parkanlage mit dem perfekt asphaltierten Radweg als ruhigen \u00dcbergang zur <strong>Gartenstra\u00dfe<\/strong> kennt Daniel noch gar nicht. Die Radwege in Wei\u00dfensee und generell in Berlin sind f\u00fcr uns 4 ein Thema, dass unsere Gem\u00fcter erhitzt und uns verbindet. Die <strong>Bizetstra\u00dfe<\/strong> empfinden wir alle als wertvollen Gewinn, sehen aber auch, dass es grunds\u00e4tzlich problematisch f\u00fcr Radfahrende ist, sich in Wei\u00dfensee zu bewegen. Sebastian findet die Regelung f\u00fcr Kinder ab 10 Jahren auf der Stra\u00dfe fahren zu m\u00fcssen als unzumutbar. G\u00e4be es wenigstens vern\u00fcnftige Radwege auf den Hauptstra\u00dfen, w\u00e4re das entspannter. Solange das so bleibt, finden wir 3 Eltern, dass es das Bu\u00dfgeld Wert ist, sein Kind lieber auf dem Fu\u00dfweg fahren zu lassen. Wir tr\u00e4umen von sicheren Schnellradwegen, die in 2ter Ebene \u00fcber den Gleisen alles viel einfacher machen w\u00fcrden.<\/p>\n\n\n\n<p><em>Der utopische H\u00f6henflug, der eine gesteigerte K\u00f6rpertemperatur zur Folge hat, muss erstmal abgek\u00fchlt werden. Da kommt das \u201e<strong>HappaHappa<\/strong>\u201c [Bild 4] in der <strong>Smetanastra\u00dfe <\/strong>an dem wir gerade entlang flanieren, wie gerufen. Unter vorgehaltener Hand wird er auch der hei\u00dfeste Ort f\u00fcr Klatsch und Trasch aus Wei\u00dfensee genannt.<\/em><\/p>\n\n\n\n<p><\/p>\n\n\n\n<figure class=\"wp-block-image size-full\"><img loading=\"lazy\" decoding=\"async\" width=\"600\" height=\"800\" src=\"https:\/\/www.unser-weissensee.de\/wp-content\/uploads\/2025\/02\/4.jpg\" alt=\"\" class=\"wp-image-2890\"\/><figcaption class=\"wp-element-caption\"><em><em>Das Caf\u00e9 ist lebendig und bringt fast etwas hippes mit sich. Familien, Studierende, Freunde aller Altersklassen sitzen hier und genie\u00dfen den ruhigen Nebenstra\u00dfenflair, den man eher aus \u201ePberg\u201c kennt. Sebastian hat vorher in einem eher toten Wohnviertel N\u00e4he der Storkower Stra\u00dfe gewohnt.<\/em><\/em><\/figcaption><\/figure>\n\n\n\n<p><em>Er hat es vermisst einfach mal vor die T\u00fcr zu gehen und drau\u00dfen allein oder mit Freunden einen Caf\u00e9 zu genie\u00dfen. Wir alle sind froh nicht in einem szenigen Bezirk wie \u201ePberg\u201c zu wohnen, sch\u00e4tzen es aber, dass der Kiez inzwischen einige Lokale hat, wo man hingehen kann. Wir kr\u00f6nen den <strong>Eisspatz<\/strong> am Mirbachplatz zum leckersten Eisladen Wei\u00dfensees. Daniel ist in einer neuen Stadt immer in die nicht hippen Bezirke gezogen. Er mag die Ruhe hier! Auch das offene nachbarschaftliche Verh\u00e4ltnis hatte er zuvor so noch nicht erlebt. Ich selbst liebe Wei\u00dfensee wegen seiner perfekten Lage innerhalb von 15min im Stadtzentrum oder auf den Rieselfeldern drau\u00dfen zu sein, wo ich gerne Rad fahre, joggen gehe oder Tiere beobachte (Pferde, Rehe, etc.). Ich mag die Anbindung an den Malchower See, den Lindenpark mit seinen weiten Feldern und den Hochlandrindern etc. Unvorstellbar w\u00e4re es f\u00fcr mich, in einem Bezirk zu wohnen, wo ich eine halbe Ewigkeit br\u00e4uchte die Stadt zu verlassen. Ziemlich einstimmig stellen wir fest, dass wir die Atmosph\u00e4re in Wei\u00dfensee und die sehr heterogene Bev\u00f6lkerung hier als angenehm empfinden, jedoch die Gentrifizierung mit Ausnahme des Komponistenviertels und einigen Ausnahmebauten (Woelckpromenade, B\u00f6rnestra\u00dfe) noch nicht Alltag geworden ist, aber absehbar scheint.<\/em><\/p>\n\n\n\n<figure class=\"wp-block-image size-full\"><img loading=\"lazy\" decoding=\"async\" width=\"800\" height=\"600\" src=\"https:\/\/www.unser-weissensee.de\/wp-content\/uploads\/2025\/02\/5-1.jpg\" alt=\"\" class=\"wp-image-2891\"\/><figcaption class=\"wp-element-caption\"><em>Wir biegen mit unseren Erfrischungsgetr\u00e4nken nun in die <strong>Meyerbeerstra\u00dfe <\/strong>und schlendern durch das sch\u00f6ne Komponistenviertel, gelangen \u00fcber die <strong>G\u00fctelstra\u00dfe <\/strong>zu Berliner Allee und betreten nun den letzten Abschnitt unseres Spazierganges, der in der <strong>Lehderstra\u00dfe<\/strong> beginnt. [Bild 5].<\/em><\/figcaption><\/figure>\n\n\n\n<p><em>Sebastian wollte unser Augenmerk auf die besondere Architektur und die spannenden Geschichten hinter all diesen gro\u00dfen und geheimnisvollen H\u00f6fen lenken. Hier gibt es Raum f\u00fcr Kreativit\u00e4t und Schaffenskraft. Hinter jedem Tor entfaltet sich eine ungeahnte Parallelwelt zu der vermeintlich unbelebten Stra\u00dfe. Ob \u201e<strong>BauFachFrau<\/strong>\u201c, kleine Autowerkst\u00e4tten oder das <strong>Kunstatelier<\/strong> vom weltweit gefragten <strong>Jonas<\/strong> <strong>Burgert.<\/strong> Die Gewerbeh\u00f6fe laden ein, sich ans Ende des 19 Jahrhunderts hineinzutr\u00e4umen, als sich hier die ersten Gewerbe ansiedelten [https:\/\/c-makers.de\/entry\/jonas-burgert\/]. Es ist sch\u00f6n zu wissen, dass dieser Gel\u00e4ndekomplex dank des Denkmalschutzes bestehen wird und somit eine Konstante in dem sich weiter entwickelnden Wei\u00dfensee bildet. Hier wird zusehends jede Brachfl\u00e4che bebaut und es gibt eigentlich keine R\u00e4ume, die man selbst gestalten kann f\u00fcr nachbarschaftliche Nutzungen. Eine Ausnahme f\u00e4llt mir aber ein, und die hebe ich f\u00fcr Ulla, Sebastian und Daniel bis zum Schluss des Spazierganges auf. Wie sch\u00f6n w\u00e4re es, wenn Wohnen anders gedacht w\u00fcrde. Es gibt weltweit schon inspirierende Vorbilder, aber man fragt sich, wann das nach Wei\u00dfensee schwappt und wie das umzusetzen w\u00e4re. Das Konzept abgegrenzter Wohnbereiche, wo jeder seine eigene Waschmaschine etc. hat und wo Orte der Begegnung sich auf das Treppenhaus beschr\u00e4nken, finde ich \u00fcberholt und auch nicht ressourcenorientiert gedacht. Es w\u00e4re so viel sinnvoller einen zentralen W\u00e4scheraum zu haben und eine gro\u00dfe Gemeinschaftsetage mit Wohnk\u00fcche als neutralen Boden, wo man alle Altersgruppen und soziale Schichten antreffen k\u00f6nnte. Es w\u00e4re eine sch\u00f6ne Ma\u00dfnahme gegen die Vereinsamung \u00e4lterer Menschen und famili\u00e4rer \u00dcberforderung in solche Bereiche ausweichen zu k\u00f6nnen und gemeinsam zu kochen. In den linken Wohnprojekten, in denen fr\u00fcher viele meiner Freunde wohnten, hat das wunderbar funktioniert.<\/em><\/p>\n\n\n\n<figure class=\"wp-block-image size-full is-resized\"><img loading=\"lazy\" decoding=\"async\" width=\"600\" height=\"800\" src=\"https:\/\/www.unser-weissensee.de\/wp-content\/uploads\/2025\/02\/6.jpg\" alt=\"\" class=\"wp-image-2893\" style=\"width:840px;height:auto\"\/><figcaption class=\"wp-element-caption\"><em>Immerhin gibt es Orte, die neben ihrer eigentlichen Funktion ihre R\u00e4umlichkeiten auch f\u00fcr die Nachbarschaft \u00f6ffnen. Wie das \u201e<strong>C*Space\u201c<\/strong> in der <strong>Langhansstra\u00dfe [Bild 6]<\/strong>.<\/em><\/figcaption><\/figure>\n\n\n\n<p><em>Sebastian zeigt uns den Hof und erkl\u00e4rt uns, was sich hinter der Fassade verbirgt. Im anschlie\u00dfenden E-Mail Kontakt mit der Gr\u00fcnderin des <strong>C*SPACE<\/strong> finde ich heraus, dass dieser Ort als kreativer Hub, also ein Ort f\u00fcr nachhaltigen Wandel, f\u00fcr k\u00fcnstlerische und kulturelle Aktivit\u00e4ten dient. Neben seiner kommerziellen Nutzungsm\u00f6glichkeiten wird der Versuch unternommen, durch verschiedene Veranstaltungen und Projekte Netzwerke zu st\u00e4rken und der soziale Zusammenhalt in der Nachbarschaft zu f\u00f6rdern. Daher werden regelm\u00e4\u00dfig Kunstausstellungen, Workshops, Performances und kulturelle Veranstaltungen organisiert, die mitunter frei zug\u00e4nglich sind. Dies bietet den Anwohner*innen die M\u00f6glichkeit, sich kreativ auszudr\u00fccken und an kulturellen Events teilzunehmen. Es gibt so viel zu entdecken, an Orten, an denen man t\u00e4glich vorbeil\u00e4uft und sich dahinter ungeahntes Potenzial verbirgt. Bisher dachte ich, es sei nur ein Ort f\u00fcr Freelancer zum Arbeiten. Bald ist dort ein <strong>\u201eTee Summer Fest\u201c<\/strong> geplant, welches erg\u00e4nzend zu den w\u00f6chentliches <strong>\u201ePop Up Tea \u2013 Treffen\u201c<\/strong> immer freitags f\u00fcr die Nachbarschaft ge\u00f6ffnet ist. Ein Ort, den ich nun mehr entdecken m\u00f6chte. Es w\u00e4re sch\u00f6n, wenn es eine zentrale Plattform f\u00fcr jeden Bezirk g\u00e4be \u2013 digital und analog -, wo man eben solchen Orten Transparenz verleihen kann. So bleibt es vielen Anwohner*innen verborgen und die Wertsch\u00f6pfung solcher Angebote wird nicht im vollen Ma\u00dfe ausgenutzt.<\/em><\/p>\n\n\n\n<p><\/p>\n\n\n\n<figure class=\"wp-block-image size-full\"><img loading=\"lazy\" decoding=\"async\" width=\"800\" height=\"600\" src=\"https:\/\/www.unser-weissensee.de\/wp-content\/uploads\/2025\/02\/7-1.jpg\" alt=\"\" class=\"wp-image-2894\"\/><figcaption class=\"wp-element-caption\"><em>Ich f\u00fchre die Gruppe schlie\u00dflich zu unserem Ziel. Wir stehen vor einem Zaun, an dem ein paar Pappschilder h\u00e4ngen, die geheimnisvolle Botschaften tragen \u201eEin Ort f\u00fcr alle\u201c. Wir sehen von au\u00dfen einen Tisch mit St\u00fchlen in eine halbwilde Gartenstruktur eingepflegt [Bild 7].<\/em><\/figcaption><\/figure>\n\n\n\n<p><em>Die Gruppe ist neugierig und ich verschaffe mir Zugang \u00fcber einen Zahlencode. Eine Freundin aus der Nachbarschaft hat mich auf diesen Ort aufmerksam gemacht und mir den Code verraten. Sie spazierte zuf\u00e4llig daran vorbei und sah ein paar nette Menschen darin sitzen mit denen sie ins Gespr\u00e4ch kam. Sie erf\u00e4hrt, dass die Anwohner*innen des Kiezes diese Brache vor Baubeginn eines geplanten Spielplatzes als Zwischennutzungsprojekt zu einem Ort der nachbarschaftlichen Begegnung und Raum zum Spielen verwandelten. Der ganze M\u00fcll wurde entsorgt und Backsteine zu einer kleinen Sitzmauer gestapelt. Wir hatten vergeblich nach einem spannenden und neuen Ort gesucht, an dem wir uns in kleiner Runde mal mit unsren Kindern am Nachmittag zum Picknicken treffen konnten. Nun war er da. Leider mit dem Beigeschmack, dass der wilde Charakter und damit das Abenteuergef\u00fchl f\u00fcr Gro\u00df und Klein nur tempor\u00e4r zu genie\u00dfen sein w\u00fcrde. Ulla, Daniel, Sebastian und ich erkunden interessiert das sogenannte \u201e<strong>HeiJaLa-land\u201c<\/strong> \u2013 ein Gel\u00e4nde mit Lost Place Charme an der Stra\u00dfenkreuzung <strong>Heinersdorfer-, Jakobsohn- und Langhansstra\u00dfe<\/strong>. Wir naschen vergn\u00fcgt ein paar Brombeeren, die hier zahlreich wachsen und sp\u00fcren alle sofort dieses Freiheitsgef\u00fchlt, welches in einem emporsteigt, wenn man solche Orte voller M\u00f6glichkeiten und freier Entfaltung betritt. \u201eUnd hier soll ein Spielplatz gebaut werden? Dann werden die B\u00e4ume sicher weichen m\u00fcssen.\u201c stellt Daniel mit Bedauern fest.<\/em><\/p>\n\n\n\n<p><em>Tats\u00e4chlich gab es eine B\u00fcrgerbeteiligung zur Gestaltung der Brache, die vorsieht den Bereich so naturnah wie m\u00f6glich im Spiel erlebbar zu erhalten [siehe 1]. \u201eSchade, dass hier ein unkreativer Spielplatz den Abenteuercharakter ausl\u00f6schen wird. Aber mir f\u00e4llt noch eine Brachfl\u00e4che ein! Hinten an der <strong>Woelckpromenade <\/strong>gegen\u00fcber von der Turnhalle des \u201ePrimo Levi Gymnasiums\u201c! Wisst ihr, welche ich meine?\u201c frage ich in die Runde. Den dreien ist der eingez\u00e4unte Ort auch aufgefallen, aber keiner wei\u00df um dessen Nutzungspl\u00e4ne. \u201eSicher geh\u00f6rt er zu dem Haus, das gerade saniert wurde und nun absurd teure Mieten mit mehr als 4000\u20ac monatlich verlangt, wo schon Babylon Berlin drin gedreht wurde. Vielleicht k\u00f6nnen wir da auch einen Zwischennutzungsvertrag verhandeln!\u201c spricht die Aufbruchsstimmung aus mir. \u201eJa wir k\u00f6nnten ja eine Saunajurte wie in Kreuzberg dahin bauen!\u201c meint Daniel. Tats\u00e4chlich wurde eine Freifl\u00e4che in Kreuzberg zu einem lokalen Sauna- und Entspannungsort umgebaut. Die Sweet &amp; Sweat \u2013 Jurtensaunarei. \u201eDa steht eine Saunajurte, es gibt einen Bereich zum Relaxen, eine Dusche und einen Bauwagen, wo man sich umziehen kann.\u201c l\u00e4chelt Daniel, der ebenfalls immer wieder dar\u00fcber gr\u00fcbelt, wie man dem Kiez mehr Leben einhauchen k\u00f6nnte. \u201eOder einen sch\u00f6nen wilden Garten mit \u00fcberdachten Sitzm\u00f6glichkeiten, wo man sich zum Picknick, jammen oder Urban Gardening treffen kann.\u201c presche ich impulsiv mit meiner ersten Idee heraus. Urban Gardening war heute schon \u00f6fter Thema beim Spazieren. Es gibt zwar einen beim \u201e<strong>Kubiz\u201c<\/strong>, also Wei\u00dfensee Ost, und wohl auch eine M\u00f6glichkeit dort Gem\u00fcse abzuholen, aber keinen in unserem Ortsteil. \u00a0Im Stadtteilzentrum haben zwei von uns unabh\u00e4ngig voneinander versucht im Garten mitzuwirken. Leider ohne Erfolg und mit einem Gef\u00fchl nicht sonderlich willkommen zu sein. Aber jedem Anfang wohnt ein Zauber inne, wie Hesse so sch\u00f6n sagte. Das vitalisierende Gef\u00fchl, wenn man etwas Neues schaffen will, hat uns alle jedenfalls gepackt.<\/em> <em>Vielleicht k\u00f6nnen wir eine B\u00fcrgerbeteiligung daf\u00fcr organisieren. Ich f\u00fchle mich elektrisiert und in Gedanken gestalte ich die Brache immer wieder neu.<\/em><\/p>\n\n\n\n<p>Die Tour neigt sich dem Ende. Ich merke, wie gerne ich noch so viele weitere Orte mit in die Route aufgenommen h\u00e4tte. Jeder Kiezabschnitt hat Anziehungspole, die ich zu meinem festen Kieznetzwerk z\u00e4hle und deren Abwesenheit mein Wohlf\u00fchlempfinden hier beeinflussen w\u00fcrde. Die \u201e<strong>TEE-k\u00fcche<\/strong>\u201c in der <strong>Smetanastra\u00dfe &#8211; <\/strong>eine Schatzgrube mit der leckersten Teeauswahl &#8211; , wo ich oft erst nach einem einst\u00fcndigen und immer wieder inspirierenden Gespr\u00e4ch mit dem Inhaber herauskomme. Aber auch der \u201e<strong>j\u00fcdische Friedhof<\/strong>\u201c, der an hei\u00dfen Sommertagen mit seiner k\u00fchlen Atmosph\u00e4re zu langen Spazierg\u00e4ngen einl\u00e4dt, ohne dass man dabei zu vielen anderen Menschen begegnen w\u00fcrde. Die \u201e<strong>Velostat<\/strong>\u201c von Oli, dem ehrlichsten und sympathischsten Fahrradmechanikers Berlins, den ich wegen der nachbarschaftlichen N\u00e4he oft zum freundschaftlichen Quatschen besuche, und immer wieder feststelle, dass er der heimliche Stra\u00dfentherapeut f\u00fcr den gesamten Kiez zu sein scheint. \u201e<strong>Sepp Meiers Zweiraum Wohnung<\/strong>\u201c, ein kreatives und kulturschaffendes Projekt, das Raum bietet f\u00fcr Theater (auch f\u00fcr Kinder), Musiksessions und Konzerte sowie f\u00fcr Ausstellungen &#8211; unscheinbar und doch so gehaltvoll. Die \u201e<strong>Disc Golf Anlage<\/strong>\u201c hinten in der Rennbahnstra\u00dfe, die einen Lost Place wiederbelebt und durch sportliche Interaktion erfahrbar macht. Die \u201e<strong>Brotfabrik<\/strong>\u201c, das \u201e<strong>Babuschka<\/strong>\u201c in der alten Fischr\u00e4ucherei, die \u201e<strong>Freilichtb\u00fchne Wei\u00dfensee<\/strong>\u201c\u2026etc.! Wie vielseitig ist doch dieser Kiez, in dem ich mein zuhause gefunden habe. Wer wei\u00df f\u00fcr wie lange. Aber f\u00fcr jetzt ist es genau das richtige und nun, dank des Spazierganges, wieder mit ein paar Gesichtern mehr, die man auf der Stra\u00dfe wieder erkennt und uns Menschen aus Wei\u00dfensee aus der Anonymit\u00e4t hebt und in ein nachbarschaftliches und vertrautes DU verwandelt.<\/p>\n\n\n\n<p><em>Danke an euch drei f\u00fcr diesen sch\u00f6nen Nachmittag,<\/em><\/p>\n\n\n\n<p><em>Romina Moos-M\u00f6hring<\/em><\/p>\n\n\n\n<p><em>Euch hat der Beitrag gefallen und ihr wollt mehr erfahren \u00fcber einige Orte? Dann st\u00f6bert mal in meiner Linksammlung unten zu den Themen oder bewegt euch durch die interaktive Karte, in der ihr den Spaziergang und die Orte nachvollziehen k\u00f6nnt und mehr Informationen erhaltet:<\/em><\/p>\n\n\n<p><iframe loading=\"lazy\" src=\"\/\/umap.openstreetmap.de\/de\/map\/kiezspaziergang-wir-sind-weiensee_63362?scaleControl=false&amp;miniMap=false&amp;scrollWheelZoom=false&amp;zoomControl=true&amp;editMode=disabled&amp;moreControl=true&amp;searchControl=null&amp;tilelayersControl=null&amp;embedControl=null&amp;datalayersControl=true&amp;onLoadPanel=none&amp;captionBar=false&amp;captionMenus=true\" width=\"100%\" height=\"300px\" frameborder=\"0\" allowfullscreen=\"allowfullscreen\"><\/iframe><\/p>\n<p><a href=\"\/\/umap.openstreetmap.de\/de\/map\/kiezspaziergang-wir-sind-weiensee_63362?scaleControl=false&amp;miniMap=false&amp;scrollWheelZoom=true&amp;zoomControl=true&amp;editMode=disabled&amp;moreControl=true&amp;searchControl=null&amp;tilelayersControl=null&amp;embedControl=null&amp;datalayersControl=true&amp;onLoadPanel=none&amp;captionBar=false&amp;captionMenus=true\">Vollbildanzeige<\/a><\/p>\n\n\n<p><\/p>\n\n\n\n<figure class=\"wp-block-gallery has-nested-images columns-default is-cropped wp-block-gallery-1 is-layout-flex wp-block-gallery-is-layout-flex\">\n<figure class=\"wp-block-image size-large\"><img loading=\"lazy\" decoding=\"async\" width=\"800\" height=\"600\" data-id=\"2847\" src=\"https:\/\/www.unser-weissensee.de\/wp-content\/uploads\/2025\/02\/8-2.jpg\" alt=\"\" class=\"wp-image-2847\"\/><figcaption class=\"wp-element-caption\"><em>Wilde Fauna auf dem J\u00fcdischer Friedhof Wei\u00dfensee \u2013 <\/em><br><em>Foto: Romina Moos-M\u00f6hring<\/em><\/figcaption><\/figure>\n\n\n\n<figure class=\"wp-block-image size-large\"><img loading=\"lazy\" decoding=\"async\" width=\"800\" height=\"600\" data-id=\"2862\" src=\"https:\/\/www.unser-weissensee.de\/wp-content\/uploads\/2025\/02\/9-2.jpg\" alt=\"\" class=\"wp-image-2862\"\/><figcaption class=\"wp-element-caption\"><em>Eingang mit Gedenkrondell f\u00fcr die Opfer der nationalsozialistischen Verfolgung und der 1880 errichteten Trauerhalle auf dem J\u00fcdischer Friedhof Wei\u00dfensee <\/em><br><em>Foto: Romina Moos-M\u00f6hring<\/em><\/figcaption><\/figure>\n\n\n\n<figure class=\"wp-block-image size-large\"><img loading=\"lazy\" decoding=\"async\" width=\"600\" height=\"800\" data-id=\"2880\" src=\"https:\/\/www.unser-weissensee.de\/wp-content\/uploads\/2025\/02\/10-1.jpg\" alt=\"\" class=\"wp-image-2880\"\/><figcaption class=\"wp-element-caption\"><em>Impressionen des J\u00fcdischen Friedhofs Wei\u00dfensee<\/em><br><em>Foto: Romina Moos-M\u00f6hring<\/em><\/figcaption><\/figure>\n\n\n\n<figure class=\"wp-block-image size-large\"><img loading=\"lazy\" decoding=\"async\" width=\"600\" height=\"800\" data-id=\"2874\" src=\"https:\/\/www.unser-weissensee.de\/wp-content\/uploads\/2025\/02\/11-2.jpg\" alt=\"\" class=\"wp-image-2874\"\/><figcaption class=\"wp-element-caption\"><em>Impressionen des J\u00fcdischen Friedhofs Wei\u00dfensee<\/em><br><em>Foto: Romina Moos-M\u00f6hring<\/em><\/figcaption><\/figure>\n\n\n\n<figure class=\"wp-block-image size-large\"><img loading=\"lazy\" decoding=\"async\" width=\"600\" height=\"800\" data-id=\"2849\" src=\"https:\/\/www.unser-weissensee.de\/wp-content\/uploads\/2025\/02\/12-2.jpg\" alt=\"\" class=\"wp-image-2849\"\/><figcaption class=\"wp-element-caption\"><em>KUBIZ Willkommensgru\u00df zum Kiezcaf\u00e9 (mittwochs) in der Bernkastaler Stra\u00dfe<\/em><br><em>Foto: Romina Moos-M\u00f6hring<\/em><\/figcaption><\/figure>\n\n\n\n<figure class=\"wp-block-image size-large\"><img loading=\"lazy\" decoding=\"async\" width=\"800\" height=\"600\" data-id=\"2858\" src=\"https:\/\/www.unser-weissensee.de\/wp-content\/uploads\/2025\/02\/13-2.jpg\" alt=\"\" class=\"wp-image-2858\"\/><figcaption class=\"wp-element-caption\"><em>Trabbi Hansastra\u00dfe \u2013 Foto: Silvia<\/em><\/figcaption><\/figure>\n\n\n\n<figure class=\"wp-block-image size-large\"><img loading=\"lazy\" decoding=\"async\" width=\"600\" height=\"800\" data-id=\"2848\" src=\"https:\/\/www.unser-weissensee.de\/wp-content\/uploads\/2025\/02\/14-1.jpg\" alt=\"\" class=\"wp-image-2848\"\/><figcaption class=\"wp-element-caption\"><em>Abendstimmung Berliner Allee<\/em><br><em>Foto: Jana Hentze<\/em><\/figcaption><\/figure>\n\n\n\n<figure class=\"wp-block-image size-large\"><img loading=\"lazy\" decoding=\"async\" width=\"800\" height=\"600\" data-id=\"2856\" src=\"https:\/\/www.unser-weissensee.de\/wp-content\/uploads\/2025\/02\/15-1.jpg\" alt=\"\" class=\"wp-image-2856\"\/><figcaption class=\"wp-element-caption\"><em>Kidical Mass Fahrraddemo Sommer 2024 auf der Berliner Allee<\/em><br><em>Foto: Romina Moos-M\u00f6hring<\/em><\/figcaption><\/figure>\n\n\n\n<figure class=\"wp-block-image size-large\"><img loading=\"lazy\" decoding=\"async\" width=\"800\" height=\"600\" data-id=\"2854\" src=\"https:\/\/www.unser-weissensee.de\/wp-content\/uploads\/2025\/02\/16-1.jpg\" alt=\"\" class=\"wp-image-2854\"\/><figcaption class=\"wp-element-caption\"><em>Leuchtletter des Kino Toni<\/em><br><em>Foto: Romina Moos-M\u00f6hring<\/em><\/figcaption><\/figure>\n\n\n\n<figure class=\"wp-block-image size-large\"><img loading=\"lazy\" decoding=\"async\" width=\"800\" height=\"600\" data-id=\"2861\" src=\"https:\/\/www.unser-weissensee.de\/wp-content\/uploads\/2025\/02\/17-1.jpg\" alt=\"\" class=\"wp-image-2861\"\/><figcaption class=\"wp-element-caption\"><em>Mosaik am Kino Toni<\/em><br><em>Foto: Sebastian Basedow<\/em><\/figcaption><\/figure>\n\n\n\n<figure class=\"wp-block-image size-large\"><img loading=\"lazy\" decoding=\"async\" width=\"600\" height=\"800\" data-id=\"2873\" src=\"https:\/\/www.unser-weissensee.de\/wp-content\/uploads\/2025\/02\/18-1.jpg\" alt=\"\" class=\"wp-image-2873\"\/><figcaption class=\"wp-element-caption\"><em>Immer wechselnde Grafiken\/Poster-\/Stencilschnippsel mit &#8222;linken&#8220;<\/em><br><em>Botschaften auf einem Einfahrtstor (Langhansstr. 126 )<\/em><br><em>Foto: Sebastian Basedow<\/em><\/figcaption><\/figure>\n\n\n\n<figure class=\"wp-block-image size-large\"><img loading=\"lazy\" decoding=\"async\" width=\"600\" height=\"800\" data-id=\"2853\" src=\"https:\/\/www.unser-weissensee.de\/wp-content\/uploads\/2025\/02\/19-1.jpg\" alt=\"\" class=\"wp-image-2853\"\/><figcaption class=\"wp-element-caption\"><em>Abendstimmung Langhansstra\u00dfe Foto: Marius M\u00f6hring<\/em><\/figcaption><\/figure>\n\n\n\n<figure class=\"wp-block-image size-large\"><img loading=\"lazy\" decoding=\"async\" width=\"800\" height=\"600\" data-id=\"2863\" src=\"https:\/\/www.unser-weissensee.de\/wp-content\/uploads\/2025\/02\/20-1.jpg\" alt=\"\" class=\"wp-image-2863\"\/><figcaption class=\"wp-element-caption\"><em>Fortuna-Buchstaben an Wand in der Streustra\u00dfe<\/em><br><em>Foto: Sebastian Basedow<\/em><\/figcaption><\/figure>\n\n\n\n<figure class=\"wp-block-image size-large\"><img loading=\"lazy\" decoding=\"async\" width=\"600\" height=\"800\" data-id=\"2860\" src=\"https:\/\/www.unser-weissensee.de\/wp-content\/uploads\/2025\/02\/21-1.jpg\" alt=\"\" class=\"wp-image-2860\"\/><figcaption class=\"wp-element-caption\"><em>Steinbildhauerwerkstatt Hoferick in der Behaimstra\u00dfe<\/em><br><em>Foto: Romina Moos-M\u00f6hring<\/em><\/figcaption><\/figure>\n\n\n\n<figure class=\"wp-block-image size-large\"><img loading=\"lazy\" decoding=\"async\" width=\"600\" height=\"800\" data-id=\"2865\" src=\"https:\/\/www.unser-weissensee.de\/wp-content\/uploads\/2025\/02\/22-1.jpg\" alt=\"\" class=\"wp-image-2865\"\/><figcaption class=\"wp-element-caption\"><em>Erholungsidyll der deutsch-japanischen Freundschaft von Herrn Behnke<\/em><br><em>Foto: Romina Moos-M\u00f6hring<\/em><\/figcaption><\/figure>\n\n\n\n<figure class=\"wp-block-image size-large\"><img loading=\"lazy\" decoding=\"async\" width=\"600\" height=\"800\" data-id=\"2871\" src=\"https:\/\/www.unser-weissensee.de\/wp-content\/uploads\/2025\/02\/23-1.jpg\" alt=\"\" class=\"wp-image-2871\"\/><figcaption class=\"wp-element-caption\"><em>Wand der anonymen K\u00fcnstler im Erholungsidyll der deutsch-japanischen Freundschaft von Herrn Behnke<\/em><br><em>Foto: Romina Moos-M\u00f6hring<\/em><\/figcaption><\/figure>\n\n\n\n<figure class=\"wp-block-image size-large\"><img loading=\"lazy\" decoding=\"async\" width=\"800\" height=\"600\" data-id=\"2869\" src=\"https:\/\/www.unser-weissensee.de\/wp-content\/uploads\/2025\/02\/24-1.jpg\" alt=\"\" class=\"wp-image-2869\"\/><figcaption class=\"wp-element-caption\"><em>Immer wieder neue geistreiche Gedanken auf der Botschaftstafel der Evangelischen Kirchengemeinde <\/em><br><em>Foto: Romina Moos-M\u00f6hring<\/em><\/figcaption><\/figure>\n\n\n\n<figure class=\"wp-block-image size-large\"><img loading=\"lazy\" decoding=\"async\" width=\"600\" height=\"800\" data-id=\"2864\" src=\"https:\/\/www.unser-weissensee.de\/wp-content\/uploads\/2025\/02\/25-1.jpg\" alt=\"\" class=\"wp-image-2864\"\/><figcaption class=\"wp-element-caption\"><em>Winterliche Atmosph\u00e4re auf dem Friedhof Wei\u00dfensee zwischen der Roelcke- und der Sch\u00f6nstra\u00dfe<\/em><br><em>Foto: Romina Moos-M\u00f6hring<\/em><\/figcaption><\/figure>\n\n\n\n<figure class=\"wp-block-image size-large\"><img loading=\"lazy\" decoding=\"async\" width=\"800\" height=\"600\" data-id=\"2867\" src=\"https:\/\/www.unser-weissensee.de\/wp-content\/uploads\/2025\/02\/26-1.jpg\" alt=\"\" class=\"wp-image-2867\"\/><figcaption class=\"wp-element-caption\"><em>Baulich sch\u00f6nes Eckhaus an der Pistorius Stra\u00dfe N\u00e4he des Stadtteilzentrums<\/em><br><em>Foto: Romina Moos-M\u00f6hring<\/em><\/figcaption><\/figure>\n\n\n\n<figure class=\"wp-block-image size-large\"><img loading=\"lazy\" decoding=\"async\" width=\"800\" height=\"600\" data-id=\"2850\" src=\"https:\/\/www.unser-weissensee.de\/wp-content\/uploads\/2025\/02\/27-1.jpg\" alt=\"\" class=\"wp-image-2850\"\/><figcaption class=\"wp-element-caption\"><em>Prachtvolles Bauwerk von Carl James B\u00fchring am Kreuzpfuhl (heute: Primo Levi Gymnasium)<\/em><br><em>Foto: Romina Moos-M\u00f6hring<\/em><\/figcaption><\/figure>\n\n\n\n<figure class=\"wp-block-image size-large\"><img loading=\"lazy\" decoding=\"async\" width=\"600\" height=\"800\" data-id=\"2855\" src=\"https:\/\/www.unser-weissensee.de\/wp-content\/uploads\/2025\/02\/28-1.jpg\" alt=\"\" class=\"wp-image-2855\"\/><figcaption class=\"wp-element-caption\"><em>Stilvoller Eingang des Primo Levi Gymnasiums vom Architekten Carl James B\u00fchring<\/em><br><em>Foto: Romina Moos-M\u00f6hring<\/em><\/figcaption><\/figure>\n\n\n\n<figure class=\"wp-block-image size-large\"><img loading=\"lazy\" decoding=\"async\" width=\"800\" height=\"600\" data-id=\"2859\" src=\"https:\/\/www.unser-weissensee.de\/wp-content\/uploads\/2025\/02\/29-1.jpg\" alt=\"\" class=\"wp-image-2859\"\/><figcaption class=\"wp-element-caption\"><em>Anwohner mit Langlaufski an einem der wenigen schneereichen Tage in Wei\u00dfensee vor dem Primo Levi Gymnasium<\/em><br><em>Foto: Romina Moos-M\u00f6hring<\/em><\/figcaption><\/figure>\n\n\n\n<figure class=\"wp-block-image size-large\"><img loading=\"lazy\" decoding=\"async\" width=\"800\" height=\"600\" data-id=\"2872\" src=\"https:\/\/www.unser-weissensee.de\/wp-content\/uploads\/2025\/02\/30-1.jpg\" alt=\"\" class=\"wp-image-2872\"\/><figcaption class=\"wp-element-caption\"><em>Hausflurdecke der renovierten Nobel-Immobilie in der Woelckpromenade 7<\/em><br><em>Foto: Romina Moos-M\u00f6hring<\/em><\/figcaption><\/figure>\n\n\n\n<figure class=\"wp-block-image size-large\"><img loading=\"lazy\" decoding=\"async\" width=\"800\" height=\"600\" data-id=\"2876\" src=\"https:\/\/www.unser-weissensee.de\/wp-content\/uploads\/2025\/02\/31-1.jpg\" alt=\"\" class=\"wp-image-2876\"\/><figcaption class=\"wp-element-caption\"><em>Blick auf Goldfischteich im Werner Klemke Park<\/em><br><em>Foto: Romina Moos-M\u00f6hring<\/em><\/figcaption><\/figure>\n\n\n\n<figure class=\"wp-block-image size-large\"><img loading=\"lazy\" decoding=\"async\" width=\"800\" height=\"600\" data-id=\"2877\" src=\"https:\/\/www.unser-weissensee.de\/wp-content\/uploads\/2025\/02\/32-1.jpg\" alt=\"\" class=\"wp-image-2877\"\/><figcaption class=\"wp-element-caption\"><em>Sitzgruppe im Werner Klemke Park (mit Blick auf Holl\u00e4nder-Quartier des Architekten&nbsp; Carl James B\u00fchring ) Foto: Romina Moos-M\u00f6hring<\/em><\/figcaption><\/figure>\n\n\n\n\n\n<figure class=\"wp-block-image size-large\"><img loading=\"lazy\" decoding=\"async\" width=\"800\" height=\"600\" data-id=\"2882\" src=\"https:\/\/www.unser-weissensee.de\/wp-content\/uploads\/2025\/02\/34-1.jpg\" alt=\"\" class=\"wp-image-2882\"\/><figcaption class=\"wp-element-caption\"><em>Herbstliche Stimmung auf dem Spielplatz Gr\u00fcner Hering alias Post-Spielplatz zw.&nbsp; Tassostra\u00dfe und Max-Steinke-Stra\u00dfe <\/em><br><em>Foto: Romina Moos-M\u00f6hring<\/em><\/figcaption><\/figure>\n\n\n\n\n\n<figure class=\"wp-block-image size-large\"><img loading=\"lazy\" decoding=\"async\" width=\"800\" height=\"600\" data-id=\"2851\" src=\"https:\/\/www.unser-weissensee.de\/wp-content\/uploads\/2025\/02\/36-1.jpg\" alt=\"\" class=\"wp-image-2851\"\/><figcaption class=\"wp-element-caption\"><em>Bronzefigur Panther, der immer wieder im farblich neuen Look \u00fcberrascht von Heinrich Drake <\/em><br><em>(1938 Entwurf, 1957 Guss)[4] \u2013 <\/em><br><em>Foto: Romina Moos-M\u00f6hring<\/em><\/figcaption><\/figure>\n\n\n\n<figure class=\"wp-block-image size-large\"><img loading=\"lazy\" decoding=\"async\" width=\"800\" height=\"600\" data-id=\"2868\" src=\"https:\/\/www.unser-weissensee.de\/wp-content\/uploads\/2025\/02\/37.jpg\" alt=\"\" class=\"wp-image-2868\"\/><figcaption class=\"wp-element-caption\"><em>Ostufer des Wei\u00dfensees. Hier \u201egr\u00fcndeten Fischer und J\u00e4ger im fr\u00fchen 13. Jahrhundert das Stra\u00dfendorf Wei\u00dfensee.\u201c[5] <\/em><br><em>Foto: Romina Moos-M\u00f6hring<\/em><\/figcaption><\/figure>\n\n\n\n<figure class=\"wp-block-image size-large\"><img loading=\"lazy\" decoding=\"async\" width=\"600\" height=\"800\" data-id=\"2870\" src=\"https:\/\/www.unser-weissensee.de\/wp-content\/uploads\/2025\/02\/38-1.jpg\" alt=\"\" class=\"wp-image-2870\"\/><figcaption class=\"wp-element-caption\"><em>Abendlicher Blick aufs Strandbad Wei\u00dfensee mit Anglern im Vordergrund <\/em><br><em>Foto: Romina Moos-M\u00f6hring<\/em><\/figcaption><\/figure>\n\n\n\n<figure class=\"wp-block-image size-large\"><img loading=\"lazy\" decoding=\"async\" width=\"800\" height=\"600\" data-id=\"2866\" src=\"https:\/\/www.unser-weissensee.de\/wp-content\/uploads\/2025\/02\/39-1.jpg\" alt=\"\" class=\"wp-image-2866\"\/><figcaption class=\"wp-element-caption\"><em>Blick aufs Strandbad Wei\u00dfensee <\/em><br><em>Foto: Jana Hentze<\/em><\/figcaption><\/figure>\n\n\n\n<figure class=\"wp-block-image size-large\"><img loading=\"lazy\" decoding=\"async\" width=\"800\" height=\"600\" data-id=\"2857\" src=\"https:\/\/www.unser-weissensee.de\/wp-content\/uploads\/2025\/02\/40-1.jpg\" alt=\"\" class=\"wp-image-2857\"\/><figcaption class=\"wp-element-caption\"><em>Ambiente Strandbad Wei\u00dfensee <\/em><br><em>Foto: Romina Moos-M\u00f6hring<\/em><\/figcaption><\/figure>\n\n\n\n<figure class=\"wp-block-image size-large\"><img loading=\"lazy\" decoding=\"async\" width=\"600\" height=\"800\" data-id=\"2852\" src=\"https:\/\/www.unser-weissensee.de\/wp-content\/uploads\/2025\/02\/41-1.jpeg\" alt=\"\" class=\"wp-image-2852\"\/><figcaption class=\"wp-element-caption\"><em>Winterliche Atmosph\u00e4re auf dem zugefrorenen Wei\u00dfensee<\/em><br><em>Foto: Ulrike<\/em><\/figcaption><\/figure>\n\n\n\n<figure class=\"wp-block-image size-large\"><img loading=\"lazy\" decoding=\"async\" width=\"600\" height=\"800\" data-id=\"2879\" src=\"https:\/\/www.unser-weissensee.de\/wp-content\/uploads\/2025\/02\/42-1.jpg\" alt=\"\" class=\"wp-image-2879\"\/><figcaption class=\"wp-element-caption\"><em>Umgest\u00fcrzte Weide am Wei\u00dfensee Foto: Romina Moos-M\u00f6hring<\/em><\/figcaption><\/figure>\n\n\n\n<figure class=\"wp-block-image size-large\"><img loading=\"lazy\" decoding=\"async\" width=\"800\" height=\"600\" data-id=\"2881\" src=\"https:\/\/www.unser-weissensee.de\/wp-content\/uploads\/2025\/02\/43-1.jpg\" alt=\"\" class=\"wp-image-2881\"\/><figcaption class=\"wp-element-caption\"><em>Sp\u00e4te Vegetationsphase der Goldrute an der S\u00fcdseite vom Wei\u00dfensee n\u00e4he der Treppen zum Spielplatz<\/em><br><em>Foto: Romina Moos-M\u00f6hring<\/em><\/figcaption><\/figure>\n\n\n\n<figure class=\"wp-block-image size-large\"><img loading=\"lazy\" decoding=\"async\" width=\"600\" height=\"800\" data-id=\"2878\" src=\"https:\/\/www.unser-weissensee.de\/wp-content\/uploads\/2025\/02\/44-1.jpg\" alt=\"\" class=\"wp-image-2878\"\/><figcaption class=\"wp-element-caption\"><em>Charmantes und subtiles Schild vom Kino Wei\u00dfensee<\/em><br><em>Foto: Romina Moos-M\u00f6hring<\/em><\/figcaption><\/figure>\n\n\n\n<figure class=\"wp-block-image size-large\"><img loading=\"lazy\" decoding=\"async\" width=\"800\" height=\"600\" data-id=\"2875\" src=\"https:\/\/www.unser-weissensee.de\/wp-content\/uploads\/2025\/02\/45-1.jpg\" alt=\"\" class=\"wp-image-2875\"\/><figcaption class=\"wp-element-caption\"><em>Steinskulptur \u201eZwei Tritonen\u201c auf der Aussichtsterrasse am Wei\u00dfensee von Hans Schellhorn ca. 1912 [4]<\/em><br><em>Foto: Romina Moos-M\u00f6hring<\/em><\/figcaption><\/figure>\n<\/figure>\n\n\n\n<pre class=\"wp-block-preformatted\"><\/pre>\n\n\n\n\n\n<p><em>WEITERF\u00dcHRENDE LINKS:<\/em><\/p>\n\n\n\n<p><em>Audiof\u00fchrungen durch Wei\u00dfensee:<\/em><\/p>\n\n\n\n<ul class=\"wp-block-list\">\n<li><em>Audiowalk Brachland Wei\u00dfensee : <\/em><a href=\"https:\/\/c-makers.de\/entry\/brachland\/\"><em>https:\/\/c-makers.de\/entry\/brachland\/<\/em><\/a><\/li>\n\n\n\n<li><a href=\"https:\/\/de.guidemate.com\/guides\/629a83e81a54616ad39dc8da?selectedGuideLocale=de&amp;station=629a87de1a54616ad39dc92a\"><em>https:\/\/de.guidemate.com\/guides\/629a83e81a54616ad39dc8da?selectedGuideLocale=de&amp;station=629a87de1a54616ad39dc92a<\/em><\/a><\/li>\n<\/ul>\n\n\n\n<p><em>Kiezspazierg\u00e4nge durch Wei\u00dfensee:<\/em><\/p>\n\n\n\n<ul class=\"wp-block-list\">\n<li><a href=\"https:\/\/kiezgeschichten-weissensee.de\/\"><em>https:\/\/kiezgeschichten-weissensee.de\/<\/em><\/a><\/li>\n<\/ul>\n\n\n\n<p><em>B\u00fcrgerbeteiligungen online:<\/em><\/p>\n\n\n\n<ul class=\"wp-block-list\">\n<li><a href=\"https:\/\/mein.berlin.de\/\"><em>https:\/\/mein.berlin.de\/<\/em><\/a><\/li>\n<\/ul>\n\n\n\n<p><em>Orte und Veranstaltungen des Zusammenkommens in Wei\u00dfensee:<\/em><\/p>\n\n\n\n<ul class=\"wp-block-list\">\n<li><em>Jacobs langer Kieztisch immer im August<\/em><\/li>\n\n\n\n<li><em>BENN Wei\u00dfsensee <\/em><a href=\"https:\/\/www.benn-weissensee.de\/\"><em>https:\/\/www.benn-weissensee.de\/<\/em><\/a><\/li>\n\n\n\n<li><a href=\"https:\/\/www.pankow-weissensee-prenzlauerberg.berlin\/de\/events\"><em>https:\/\/www.pankow-weissensee-prenzlauerberg.berlin\/de\/events<\/em><\/a><\/li>\n<\/ul>\n\n\n\n<p><em>Weiterf\u00fchrende Links und Tipps f\u00fcr Wei\u00dfensee:<\/em><\/p>\n\n\n\n<figure class=\"wp-block-embed is-type-wp-embed is-provider-kiez-gemeinsam-gestalten wp-block-embed-kiez-gemeinsam-gestalten\"><div class=\"wp-block-embed__wrapper\">\n<blockquote class=\"wp-embedded-content\" data-secret=\"eYDdS1tMYg\"><a href=\"https:\/\/kiezgestalten.de\/\">Aktuelles<\/a><\/blockquote><iframe loading=\"lazy\" class=\"wp-embedded-content\" sandbox=\"allow-scripts\" security=\"restricted\" style=\"position: absolute; visibility: hidden;\" title=\"&#8222;Aktuelles&#8220; &#8211; Kiez! Gemeinsam gestalten.\" src=\"https:\/\/kiezgestalten.de\/embed\/#?secret=6I1XANZ387#?secret=eYDdS1tMYg\" data-secret=\"eYDdS1tMYg\" width=\"500\" height=\"282\" frameborder=\"0\" marginwidth=\"0\" marginheight=\"0\" scrolling=\"no\"><\/iframe>\n<\/div><\/figure>\n\n\n\n<figure class=\"wp-block-embed\"><div class=\"wp-block-embed__wrapper\">\nhttps:\/\/benn-weissensee.de\n<\/div><\/figure>\n\n\n\n<figure class=\"wp-block-embed\"><div class=\"wp-block-embed__wrapper\">\nhttps:\/\/isicargo.de\/b2b\/ueber-uns\n<\/div><\/figure>\n\n\n\n<figure class=\"wp-block-embed\"><div class=\"wp-block-embed__wrapper\">\nhttps:\/\/www.fortsetzungberlin.de\/stadtviertel\/wei%C3%9Fensee\/wei%C3%9Fensee\n<\/div><\/figure>\n\n\n\n<figure class=\"wp-block-embed is-type-wp-embed is-provider-wei-ensee-erz-hlt-seine-geschichten wp-block-embed-wei-ensee-erz-hlt-seine-geschichten\"><div class=\"wp-block-embed__wrapper\">\n<blockquote class=\"wp-embedded-content\" data-secret=\"pW2RG19WkV\"><a href=\"https:\/\/kiezgeschichten-weissensee.de\/\">Startseite<\/a><\/blockquote><iframe loading=\"lazy\" class=\"wp-embedded-content\" sandbox=\"allow-scripts\" security=\"restricted\" style=\"position: absolute; visibility: hidden;\" title=\"&#8222;Startseite&#8220; &#8211; Wei\u00dfensee erz\u00e4hlt seine Geschichten\" src=\"https:\/\/kiezgeschichten-weissensee.de\/embed\/#?secret=c0KckMn9EX#?secret=pW2RG19WkV\" data-secret=\"pW2RG19WkV\" width=\"500\" height=\"282\" frameborder=\"0\" marginwidth=\"0\" marginheight=\"0\" scrolling=\"no\"><\/iframe>\n<\/div><\/figure>\n\n\n\n<p><em>Quellennachweise und Verweise:<\/em><\/p>\n\n\n\n<p><em>[1] <\/em><a href=\"https:\/\/langhansstrasse.de\/projekte\/aktuell\/b2\/\"><em>https:\/\/langhansstrasse.de\/projekte\/aktuell\/b2\/<\/em><\/a><em><\/em><\/p>\n\n\n\n<p><em>[2] <\/em><a href=\"https:\/\/de.guidemate.com\/guides\/629a83e81a54616ad39dc8da?selectedGuideLocale=de&amp;station=629a87de1a54616ad39dc92a\"><em>https:\/\/de.guidemate.com\/guides\/629a83e81a54616ad39dc8da?selectedGuideLocale=de&amp;station=629a87de1a54616ad39dc92a<\/em><\/a><em><\/em><\/p>\n\n\n\n<p><em>[3] <\/em><a href=\"https:\/\/www.berlin.de\/sehenswuerdigkeiten\/3560738-3558930-juedischer-friedhof-weissensee.html\"><em>https:\/\/www.berlin.de\/sehenswuerdigkeiten\/3560738-3558930-juedischer-friedhof-weissensee.html<\/em><\/a><em><\/em><\/p>\n\n\n\n<p><em>[4] <\/em><a href=\"https:\/\/www.pankow-weissensee-prenzlauerberg.berlin\/system\/files\/document\/0309%20Flyer%20Kinder-Kunst-Safari%20Wei%C3%9Fensee.pdf\"><em>https:\/\/www.pankow-weissensee-prenzlauerberg.berlin\/system\/files\/document\/0309%20Flyer%20Kinder-Kunst-Safari%20Wei%C3%9Fensee.pdf<\/em><\/a><em><\/em><\/p>\n\n\n\n<p><em>[5] <\/em><a href=\"https:\/\/www.pankow-weissensee-prenzlauerberg.berlin\/de\/weisser-see\"><em>https:\/\/www.pankow-weissensee-prenzlauerberg.berlin\/de\/weisser-see<\/em><\/a><em><\/em><a href=\"\"><\/a><\/p>\n\n\n\n<p><\/p>\n","protected":false},"excerpt":{"rendered":"<p>Ein ehrenamtliches und inklusives Projekt zur Identit\u00e4tsbildung im Kiez, Nachbarschaftsvernetzung und Transparenz kultureller Angebote Ich sitze in der Tram Richtung Hansastra\u00dfe\/Buschalle um dort Ulla und Sebastian zu treffen. Mein Nachbar Daniel w\u00fcrde sp\u00e4ter nachkommen. Ulla, ein sehr r\u00fccksichtsvoller und gutm\u00fctiger [&hellip;]<\/p>\n","protected":false},"author":5,"featured_media":2905,"comment_status":"closed","ping_status":"open","sticky":false,"template":"","format":"standard","meta":{"footnotes":""},"categories":[8,7,9,38],"tags":[43,61,132,259,258,60,260,131,261,41],"class_list":["post-2796","post","type-post","status-publish","format-standard","has-post-thumbnail","hentry","category-60-in-weissensee","category-aktivitaeten-fuer-familien","category-ehrenamt-in-weissensee","category-initiativen-berichten","tag-berlin","tag-familien","tag-familienzentrum","tag-fotoprojekt","tag-kiezspaziergang","tag-kinder","tag-nachbarinnen","tag-nachbarschaft","tag-stadtteilzentrum","tag-weissensee"],"_links":{"self":[{"href":"https:\/\/www.unser-weissensee.de\/index.php\/wp-json\/wp\/v2\/posts\/2796","targetHints":{"allow":["GET"]}}],"collection":[{"href":"https:\/\/www.unser-weissensee.de\/index.php\/wp-json\/wp\/v2\/posts"}],"about":[{"href":"https:\/\/www.unser-weissensee.de\/index.php\/wp-json\/wp\/v2\/types\/post"}],"author":[{"embeddable":true,"href":"https:\/\/www.unser-weissensee.de\/index.php\/wp-json\/wp\/v2\/users\/5"}],"replies":[{"embeddable":true,"href":"https:\/\/www.unser-weissensee.de\/index.php\/wp-json\/wp\/v2\/comments?post=2796"}],"version-history":[{"count":35,"href":"https:\/\/www.unser-weissensee.de\/index.php\/wp-json\/wp\/v2\/posts\/2796\/revisions"}],"predecessor-version":[{"id":3305,"href":"https:\/\/www.unser-weissensee.de\/index.php\/wp-json\/wp\/v2\/posts\/2796\/revisions\/3305"}],"wp:featuredmedia":[{"embeddable":true,"href":"https:\/\/www.unser-weissensee.de\/index.php\/wp-json\/wp\/v2\/media\/2905"}],"wp:attachment":[{"href":"https:\/\/www.unser-weissensee.de\/index.php\/wp-json\/wp\/v2\/media?parent=2796"}],"wp:term":[{"taxonomy":"category","embeddable":true,"href":"https:\/\/www.unser-weissensee.de\/index.php\/wp-json\/wp\/v2\/categories?post=2796"},{"taxonomy":"post_tag","embeddable":true,"href":"https:\/\/www.unser-weissensee.de\/index.php\/wp-json\/wp\/v2\/tags?post=2796"}],"curies":[{"name":"wp","href":"https:\/\/api.w.org\/{rel}","templated":true}]}}