{"id":2778,"date":"2025-01-13T15:11:31","date_gmt":"2025-01-13T15:11:31","guid":{"rendered":"https:\/\/www.unser-weissensee.de\/?p=2778"},"modified":"2025-01-15T12:47:28","modified_gmt":"2025-01-15T12:47:28","slug":"superpower-alleinerziehend","status":"publish","type":"post","link":"https:\/\/www.unser-weissensee.de\/index.php\/2025\/01\/13\/superpower-alleinerziehend\/","title":{"rendered":"SUPERPOWER? ALLEINERZIEHEND!"},"content":{"rendered":"\n<p>Die Textsammlung &#8222;Superpower? Alleinerziehend!&#8220; ist das Ergebnis einer einj\u00e4hrigen Schreibwerkstatt mit alleinerziehenden M\u00fcttern aus Berlin Wei\u00dfensee. Der Titel verweist auf die immense St\u00e4rke und Kraft, die Alleinerziehende t\u00e4glich aufbringen. Alleinerziehend zu sein verlangt eine Kraft, die oft an eine Superpower grenzt \u2013 Mut, Ausdauer, Kreativit\u00e4t. Doch wie jede Superkraft ist auch diese nicht unersch\u00f6pflich.<br><\/p>\n\n\n\n<p>Fast jede 5. Familie mit Kindern unter 18 Jahren ist in Deutschland eine Ein-Eltern-Familie. Neun von zehn Alleinerziehenden sind Frauen. Alleinerziehende oder Ein-Eltern-Familien sind eine heterogene Gruppe mit vielf\u00e4ltigen Lebensrealit\u00e4ten und Herausforderungen. Studien und Statistiken legen nahe, dass jedoch beinahe jede alleinerziehende Mutter schon einmal mit direkten oder indirekten Vorbehalten und<br>Diskriminierung konfrontiert wurde. Die oft \u00fcbersehene politische Dimension des Alleinerziehend-<br>Seins wird durch die autobiografischen Texte der Frauen sichtbar \u2013 aber auch die vielf\u00e4ltigen Herausforderungen, individuellen Tr\u00e4ume und Sehns\u00fcchte werden deutlich.<\/p>\n\n\n\n<h2 class=\"wp-block-heading\">Raum zum Schreiben und Austauschen<\/h2>\n\n\n\n<p>Die Schreibwerkstatt war in zwei Teile gegliedert: Im ersten Teil lag der Fokus auf kreativem Schreiben und dem Erforschen der eigenen Erz\u00e4hlerinnenstimme. Jede*r kann kreativ schreiben, unabh\u00e4ngig von Alter, Hintergrund oder Erfahrung. Das kreative Schreiben kann eine Vielzahl von positiven Effekten haben \u2013 Kreativit\u00e4t f\u00f6rdern, Selbstbewusstsein und Selbstreflexion st\u00e4rken und den Umgang mit eigenen Gef\u00fchlen<br>erleichtern. Die Teilnehmerinnen entdeckten ihre eigenen Heldinnen-Geschichten und erforschten verschiedene Kreativit\u00e4tstechniken. <\/p>\n\n\n\n<p>Im zweiten Teil der Schreibwerkstatt widmeten wir uns konkreten Herausforderungen im Zusammenhang mit dem Alleinerziehend-Sein. Der thematische Fokus lag dabei st\u00e4rker auf dem biografischen Schreiben. Hierbei entstand der Wunsch der Gruppe, nicht nur f\u00fcr sich selbst zu schreiben, sondern mit den Texten und Erz\u00e4hlungen \u00fcber das Alleinerziehend sein auch nach au\u00dfen zu gehen.<\/p>\n\n\n\n<h2 class=\"wp-block-heading\">Biographia (altgriech.) hei\u00dft \u00fcbersetzt so viel wie<br>\u201eLeben schreiben\u201c.<\/h2>\n\n\n\n<p>Um zu schreiben, braucht man Zeit und Raum. Einen Schreib-Raum und damit Frei-Raum f\u00fcr Alleinerziehende zu schaffen, hie\u00df f\u00fcr diese Schreibwerkstatt deshalb auch, qualifizierte Kinderbetreuung bereit zu stellen und den Kurs als hybrides Format \u2013 Off- und Online durchzuf\u00fchren, um eine m\u00f6glichst gro\u00dfe Flexibilit\u00e4t f\u00fcr die Teilnehmerinnen zu erm\u00f6glichen.<br><\/p>\n\n\n\n<p>Die Frauen setzten sich intensiv mit ihren pers\u00f6nlichen Erlebnissen und den gesellschaftlichen Rahmenbedingungen auseinander, die ihr Leben als Alleinerziehende pr\u00e4gen. Sichtbar wurden dabei die vielf\u00e4ltigen Ressourcen, F\u00e4higkeiten und St\u00e4rken, mit denen die Frauen ihren Alltag als Alleinerziehende gestalten, aber auch die Vielzahl der Herausforderungen und Diskriminierung, mit denen sie als Alleinerziehende in dieser Gesellschaft konfrontiert sind.<\/p>\n\n\n\n<p><a href=\"https:\/\/www.frei-zeit-haus.de\/aktuelles\/superpower-allereinerziehend.html\">Den Download der Brosch\u00fcre finden sie auf der FreiZeitHaus-Seite. <\/a><br>Gedruckte Exemplare auf Bestellung unter: <a href=\"mailto:most@frei-zeit-haus.de\">mobile.stadtteilarbeit@frei-zeit-haus.de<\/a><\/p>\n\n\n\n<p><\/p>\n","protected":false},"excerpt":{"rendered":"<p>Die Textsammlung &#8222;Superpower? Alleinerziehend!&#8220; ist das Ergebnis einer einj\u00e4hrigen Schreibwerkstatt mit alleinerziehenden M\u00fcttern aus Berlin Wei\u00dfensee. Der Titel verweist auf die immense St\u00e4rke und Kraft, die Alleinerziehende t\u00e4glich aufbringen. Alleinerziehend zu sein verlangt eine Kraft, die oft an eine Superpower [&hellip;]<\/p>\n","protected":false},"author":5,"featured_media":2782,"comment_status":"closed","ping_status":"open","sticky":false,"template":"","format":"standard","meta":{"footnotes":""},"categories":[7,10,38],"tags":[43,61,58,60,254,41],"class_list":["post-2778","post","type-post","status-publish","format-standard","has-post-thumbnail","hentry","category-aktivitaeten-fuer-familien","category-fachgespraeche","category-initiativen-berichten","tag-berlin","tag-familien","tag-freizeithause-v","tag-kinder","tag-mobilestadtteilarbeit","tag-weissensee"],"_links":{"self":[{"href":"https:\/\/www.unser-weissensee.de\/index.php\/wp-json\/wp\/v2\/posts\/2778","targetHints":{"allow":["GET"]}}],"collection":[{"href":"https:\/\/www.unser-weissensee.de\/index.php\/wp-json\/wp\/v2\/posts"}],"about":[{"href":"https:\/\/www.unser-weissensee.de\/index.php\/wp-json\/wp\/v2\/types\/post"}],"author":[{"embeddable":true,"href":"https:\/\/www.unser-weissensee.de\/index.php\/wp-json\/wp\/v2\/users\/5"}],"replies":[{"embeddable":true,"href":"https:\/\/www.unser-weissensee.de\/index.php\/wp-json\/wp\/v2\/comments?post=2778"}],"version-history":[{"count":7,"href":"https:\/\/www.unser-weissensee.de\/index.php\/wp-json\/wp\/v2\/posts\/2778\/revisions"}],"predecessor-version":[{"id":2790,"href":"https:\/\/www.unser-weissensee.de\/index.php\/wp-json\/wp\/v2\/posts\/2778\/revisions\/2790"}],"wp:featuredmedia":[{"embeddable":true,"href":"https:\/\/www.unser-weissensee.de\/index.php\/wp-json\/wp\/v2\/media\/2782"}],"wp:attachment":[{"href":"https:\/\/www.unser-weissensee.de\/index.php\/wp-json\/wp\/v2\/media?parent=2778"}],"wp:term":[{"taxonomy":"category","embeddable":true,"href":"https:\/\/www.unser-weissensee.de\/index.php\/wp-json\/wp\/v2\/categories?post=2778"},{"taxonomy":"post_tag","embeddable":true,"href":"https:\/\/www.unser-weissensee.de\/index.php\/wp-json\/wp\/v2\/tags?post=2778"}],"curies":[{"name":"wp","href":"https:\/\/api.w.org\/{rel}","templated":true}]}}