{"id":2689,"date":"2024-07-03T09:48:27","date_gmt":"2024-07-03T09:48:27","guid":{"rendered":"https:\/\/www.unser-weissensee.de\/?p=2689"},"modified":"2024-07-03T09:56:56","modified_gmt":"2024-07-03T09:56:56","slug":"weissenseer-kultursommer","status":"publish","type":"post","link":"https:\/\/www.unser-weissensee.de\/index.php\/2024\/07\/03\/weissenseer-kultursommer\/","title":{"rendered":"Wei\u00dfenseer Kultursommer"},"content":{"rendered":"\n<p>Vom 30.8. &#8211; 30.9.24 findet in Wei\u00dfensee der Wei\u00dfenseer Kultursommer statt. Viele wei\u00dfenseer Standorte, Einrichtungen, Vereine und Kulturorte laden zu zahlreichen Veranstaltungen aus den Bereichen Geschichte, Begegnung, Kultur und Umwelt ein. Feste, Lesungen, Workshops, Erz\u00e4hl- und Musikcaf\u00e9, Konzerte und vieles mehr.  <\/p>\n\n\n\n<figure class=\"wp-block-image size-large\"><img loading=\"lazy\" decoding=\"async\" width=\"1024\" height=\"426\" src=\"https:\/\/www.unser-weissensee.de\/wp-content\/uploads\/2024\/07\/Kultursommer_Logo_black-1024x426.png\" alt=\"\" class=\"wp-image-2696\"\/><\/figure>\n\n\n\n<p><br>Den Auftakt macht am 30.8.24 von 16 &#8211; 21 Uhr &#8222;Jacobs Langer Kieztisch&#8220;. Eine lange Tafel, die auf dem daf\u00fcr gesperrten Stra\u00dfenabschnitt Jacobsohnstra\u00dfe 2 &#8211; 22 alle Nachbarn und Nachbarinnen einl\u00e4dt sich kennenzulernen, miteinandern ins Gespr\u00e4ch zu kommen und gemeinsam zu essen und zu trinken.<\/p>\n\n\n\n<p><\/p>\n\n\n\n<figure class=\"wp-block-gallery has-nested-images columns-default is-cropped wp-block-gallery-1 is-layout-flex wp-block-gallery-is-layout-flex\">\n<figure class=\"wp-block-image size-large\"><img loading=\"lazy\" decoding=\"async\" width=\"1024\" height=\"726\" data-id=\"2694\" src=\"https:\/\/www.unser-weissensee.de\/wp-content\/uploads\/2024\/07\/weissenseerKultursommer-1-1-1024x726.png\" alt=\"\" class=\"wp-image-2694\"\/><\/figure>\n\n\n\n<figure class=\"wp-block-image size-large\"><img loading=\"lazy\" decoding=\"async\" width=\"1024\" height=\"679\" data-id=\"2695\" src=\"https:\/\/www.unser-weissensee.de\/wp-content\/uploads\/2024\/07\/weissenseerKultursommer-2-1-1024x679.png\" alt=\"\" class=\"wp-image-2695\"\/><\/figure>\n<\/figure>\n\n\n\n<p>Hier hinter diesem Link findet ihr alle Veranstaltungen, die im Rahmen des Wei\u00dfenseer Kultursommers stattfinden. <a href=\"https:\/\/weissensee-kultur.de\/\">https:\/\/weissensee-kultur.de\/<\/a><\/p>\n\n\n\n<p>Wir w\u00fcnschen allen einen wundervollen Wei\u00dfenseer Kultursommer und freuen uns auf sch\u00f6ne, spannende, interessante Begegnungen.<br><br>M\u00f6chtet ihr \u00fcber die eine oder andere Begegnung berichten. Habt ihr besondere Veranstaltungen miterlebt, von den ihr erz\u00e4hlen wollt. Hier auf diesem Blog ist Platz f\u00fcr all diese Geschichten. Schickt sie mit Bildern (bitte mit Bildquelle\/Fotografin) an redaktion@frei-zeit-haus.de. Wir ver\u00f6ffentlichen sie. <br><br><\/p>\n","protected":false},"excerpt":{"rendered":"<p>Vom 30.8. &#8211; 30.9.24 findet in Wei\u00dfensee der Wei\u00dfenseer Kultursommer statt. Viele wei\u00dfenseer Standorte, Einrichtungen, Vereine und Kulturorte laden zu zahlreichen Veranstaltungen aus den Bereichen Geschichte, Begegnung, Kultur und Umwelt ein. Feste, Lesungen, Workshops, Erz\u00e4hl- und Musikcaf\u00e9, Konzerte und vieles [&hellip;]<\/p>\n","protected":false},"author":5,"featured_media":2691,"comment_status":"closed","ping_status":"open","sticky":false,"template":"","format":"standard","meta":{"footnotes":""},"categories":[8,7,38],"tags":[245,196,43,61,58,246,60,139,131,41,247],"class_list":["post-2689","post","type-post","status-publish","format-standard","has-post-thumbnail","hentry","category-60-in-weissensee","category-aktivitaeten-fuer-familien","category-initiativen-berichten","tag-245","tag-begegnung","tag-berlin","tag-familien","tag-freizeithause-v","tag-geschichte","tag-kinder","tag-kultur","tag-nachbarschaft","tag-weissensee","tag-weissensee_kultursommer"],"_links":{"self":[{"href":"https:\/\/www.unser-weissensee.de\/index.php\/wp-json\/wp\/v2\/posts\/2689","targetHints":{"allow":["GET"]}}],"collection":[{"href":"https:\/\/www.unser-weissensee.de\/index.php\/wp-json\/wp\/v2\/posts"}],"about":[{"href":"https:\/\/www.unser-weissensee.de\/index.php\/wp-json\/wp\/v2\/types\/post"}],"author":[{"embeddable":true,"href":"https:\/\/www.unser-weissensee.de\/index.php\/wp-json\/wp\/v2\/users\/5"}],"replies":[{"embeddable":true,"href":"https:\/\/www.unser-weissensee.de\/index.php\/wp-json\/wp\/v2\/comments?post=2689"}],"version-history":[{"count":5,"href":"https:\/\/www.unser-weissensee.de\/index.php\/wp-json\/wp\/v2\/posts\/2689\/revisions"}],"predecessor-version":[{"id":2700,"href":"https:\/\/www.unser-weissensee.de\/index.php\/wp-json\/wp\/v2\/posts\/2689\/revisions\/2700"}],"wp:featuredmedia":[{"embeddable":true,"href":"https:\/\/www.unser-weissensee.de\/index.php\/wp-json\/wp\/v2\/media\/2691"}],"wp:attachment":[{"href":"https:\/\/www.unser-weissensee.de\/index.php\/wp-json\/wp\/v2\/media?parent=2689"}],"wp:term":[{"taxonomy":"category","embeddable":true,"href":"https:\/\/www.unser-weissensee.de\/index.php\/wp-json\/wp\/v2\/categories?post=2689"},{"taxonomy":"post_tag","embeddable":true,"href":"https:\/\/www.unser-weissensee.de\/index.php\/wp-json\/wp\/v2\/tags?post=2689"}],"curies":[{"name":"wp","href":"https:\/\/api.w.org\/{rel}","templated":true}]}}