{"id":2637,"date":"2024-06-10T10:40:08","date_gmt":"2024-06-10T10:40:08","guid":{"rendered":"https:\/\/www.unser-weissensee.de\/?p=2637"},"modified":"2024-06-10T10:40:09","modified_gmt":"2024-06-10T10:40:09","slug":"sommerkonzert-der-musikschule-klangsinn","status":"publish","type":"post","link":"https:\/\/www.unser-weissensee.de\/index.php\/2024\/06\/10\/sommerkonzert-der-musikschule-klangsinn\/","title":{"rendered":"Sommerkonzert der Musikschule Klangsinn"},"content":{"rendered":"\n<p>Am Sonntag, 16.6.24 findet im Stadtteilzentrum Wei\u00dfensee das Sommerkonzert der Musikschule Klangsinn statt. <\/p>\n\n\n\n<p>In drei Konzertrunden um 11:00 Uhr, um 14:00 Uhr und um 17:30 Uhr pr\u00e4sentieren sich unsere Sch\u00fclerinnen und Sch\u00fcler mit einem bunten Konzertprogramm mit Solo- und Kammermusikbeitr\u00e4gen.&nbsp;<\/p>\n\n\n\n<p>Wir freuen uns sehr, dass wir anl\u00e4sslich der Urauff\u00fchrung einiger seiner Werke auch diesmal wieder den Komponisten Franz-Michael Deimling im Publikum begr\u00fc\u00dfen d\u00fcrfen.&nbsp;<\/p>\n\n\n\n<p>In den Pausen zwischen den Konzertrunden sind alle eingeladen, den Sommertag bei Getr\u00e4nken und Leckereien im Garten des Frei-Zeit-Hauses zu genie\u00dfen. Buffetbeitr\u00e4ge in Form von Salaten, Geb\u00e4ck, Kuchen und \u00c4hnlichem sind herzlich willkommen. F\u00fcr Getr\u00e4nke und Baguette ist gesorgt.<\/p>\n\n\n\n<p>Gegen 15:30 spielen die K\u00f6nigskinder und das Neue Ensemble im Garten zum Tanz auf. Kommt alle hin und tanzt mit uns einen Schottisch aus Schweden und den mazedonischen Kreistanz Jovano Jovanke. Das macht Spa\u00df!&nbsp;<\/p>\n\n\n\n<p>Eintritt frei \u2013 Kommt vorbei!<br><br><strong>Wo:<\/strong> Stadtteilzentrum Wei\u00dfensee, Pistoriusstra\u00dfe 23, 13086 Berlin<br><strong>Wann:<\/strong> 16.6.24<\/p>\n","protected":false},"excerpt":{"rendered":"<p>Am Sonntag, 16.6.24 findet im Stadtteilzentrum Wei\u00dfensee das Sommerkonzert der Musikschule Klangsinn statt. In drei Konzertrunden um 11:00 Uhr, um 14:00 Uhr und um 17:30 Uhr pr\u00e4sentieren sich unsere Sch\u00fclerinnen und Sch\u00fcler mit einem bunten Konzertprogramm mit Solo- und Kammermusikbeitr\u00e4gen.&nbsp; [&hellip;]<\/p>\n","protected":false},"author":5,"featured_media":2639,"comment_status":"closed","ping_status":"open","sticky":false,"template":"","format":"standard","meta":{"footnotes":""},"categories":[7,38],"tags":[43,61,60,131,69,41],"class_list":["post-2637","post","type-post","status-publish","format-standard","has-post-thumbnail","hentry","category-aktivitaeten-fuer-familien","category-initiativen-berichten","tag-berlin","tag-familien","tag-kinder","tag-nachbarschaft","tag-stz-weissensee","tag-weissensee"],"_links":{"self":[{"href":"https:\/\/www.unser-weissensee.de\/index.php\/wp-json\/wp\/v2\/posts\/2637","targetHints":{"allow":["GET"]}}],"collection":[{"href":"https:\/\/www.unser-weissensee.de\/index.php\/wp-json\/wp\/v2\/posts"}],"about":[{"href":"https:\/\/www.unser-weissensee.de\/index.php\/wp-json\/wp\/v2\/types\/post"}],"author":[{"embeddable":true,"href":"https:\/\/www.unser-weissensee.de\/index.php\/wp-json\/wp\/v2\/users\/5"}],"replies":[{"embeddable":true,"href":"https:\/\/www.unser-weissensee.de\/index.php\/wp-json\/wp\/v2\/comments?post=2637"}],"version-history":[{"count":2,"href":"https:\/\/www.unser-weissensee.de\/index.php\/wp-json\/wp\/v2\/posts\/2637\/revisions"}],"predecessor-version":[{"id":2641,"href":"https:\/\/www.unser-weissensee.de\/index.php\/wp-json\/wp\/v2\/posts\/2637\/revisions\/2641"}],"wp:featuredmedia":[{"embeddable":true,"href":"https:\/\/www.unser-weissensee.de\/index.php\/wp-json\/wp\/v2\/media\/2639"}],"wp:attachment":[{"href":"https:\/\/www.unser-weissensee.de\/index.php\/wp-json\/wp\/v2\/media?parent=2637"}],"wp:term":[{"taxonomy":"category","embeddable":true,"href":"https:\/\/www.unser-weissensee.de\/index.php\/wp-json\/wp\/v2\/categories?post=2637"},{"taxonomy":"post_tag","embeddable":true,"href":"https:\/\/www.unser-weissensee.de\/index.php\/wp-json\/wp\/v2\/tags?post=2637"}],"curies":[{"name":"wp","href":"https:\/\/api.w.org\/{rel}","templated":true}]}}