{"id":2446,"date":"2023-09-05T13:45:07","date_gmt":"2023-09-05T13:45:07","guid":{"rendered":"https:\/\/www.unser-weissensee.de\/?p=2446"},"modified":"2023-09-07T08:04:46","modified_gmt":"2023-09-07T08:04:46","slug":"park-am-weissen-see-auftaktveranstaltung-des-beteiligungsverfahrens-am-samstag-den-9-9-23","status":"publish","type":"post","link":"https:\/\/www.unser-weissensee.de\/index.php\/2023\/09\/05\/park-am-weissen-see-auftaktveranstaltung-des-beteiligungsverfahrens-am-samstag-den-9-9-23\/","title":{"rendered":"Park am Wei\u00dfen See &#8211; Auftaktveranstaltung des Beteiligungsverfahrens am Samstag, den 9.9.23"},"content":{"rendered":"\n<p>Sehr geehrte Damen und Herren, liebe Akteure vor Ort, liebe Nachbarinnen und Nachbarn,<\/p>\n\n\n\n<p>der Park am Wei\u00dfen See hat f\u00fcr den innerst\u00e4dtischen Bereich im Bezirk Pankow eine herausragende Bedeutung und erfreut sich auch bezirks\u00fcbergreifend gro\u00dfer Beliebtheit. Die starke Inanspruchnahme der Parkanlage mit Fehl- und \u00dcbernutzungen f\u00fchrte zu schweren Besch\u00e4digungen, insbesondere in weiten Bereichen des Ufers. Das Bezirksamt Pankow plant in der Parkanlage am Wei\u00dfen See eine nachhaltige Sanierung der Uferzone, der Wege und Platzfl\u00e4chen sowie eine Neugestaltung ausgew\u00e4hlter Parkbereiche und konnte daf\u00fcr F\u00f6rdermittel u.a. aus dem Bundesprogramm \u201eAnpassung urbaner R\u00e4ume an den Klimawandel\u201c einwerben. Die Planung wird von einem breit angelegten Beteiligungsverfahren flankiert und dient sowohl der Information \u00fcber die Gesamtma\u00dfnahme als auch zur Einbeziehung der Anwohnerinnen und Anwohner, der wichtigsten Akteure und sonstigen Nutzergruppen in die Planung. Daf\u00fcr sind in den kommenden zwei Jahren unterschiedliche Beteiligungsformate f\u00fcr verschiedene Zielgruppen geplant.<\/p>\n\n\n\n<p><strong>Wir laden Sie herzlich zur Auftaktveranstaltung des Beteiligungsverfahren<br>am Samstag, den 9.&nbsp;September ab 11.00 Uhr an das ehemalige Rehgehege im Park am Wei\u00dfen See ein.<\/strong><\/p>\n\n\n\n<p>Wir stellen das Gesamtvorhaben vor und werfen einen Blick auf den aktuellen Planungsstand. Nach einem \u00dcberblick \u00fcber die Beteiligungsm\u00f6glichkeiten im Rahmen des Partizipationsverfahrens, stehen bei einem Rundgang um den See Mitarbeiterinnen und Mitarbeiter der Fach\u00e4mter f\u00fcr Fragen zur Verf\u00fcgung. Auch Kinder und Familien sind herzlich willkommen und dazu eingeladen, bei der parallel stattfindenden Mitmach-Aktion ihre W\u00fcnsche und Ideen einzubringen.<\/p>\n\n\n\n<p>Bitte merken Sie sich auch die Termine f\u00fcr die ersten beiden PARKwerkst\u00e4tten vor<\/p>\n\n\n\n<p>&#8211;&nbsp;&nbsp;&nbsp;&nbsp;&nbsp;&nbsp;&nbsp; <strong>PARKwerkstatt 1: Samstag, 14. Oktober 2023, 12.00-17.00 Uhr<\/strong><\/p>\n\n\n\n<p>&#8211;&nbsp;&nbsp;&nbsp;&nbsp;&nbsp;&nbsp;&nbsp; <strong>PARKwerkstatt 2: Samstag, 11. November 2023, voraussichtlich 12.00-17.00 Uhr<\/strong><\/p>\n\n\n\n<p>Weitere Informationen zum Nachlesen sowie die erste Phase der Onlinebeteiligung finden Sie ab ab <strong>9. September 2023<\/strong> auf mein.berlin.de. Sie sind herzlich eingeladen Ihre Anregungen, Ideen und Hinweise einzubringen.<\/p>\n\n\n\n<p>Im Namen und Auftrag des Stra\u00dfen- und Gr\u00fcnfl\u00e4chenamtes und des Umwelt- und Naturschutzamtes im Bezirksamt Pankow freuen wir uns auf Ihre Teilnahme und Mitwirkung!<\/p>\n\n\n\n<p>Mit freundlichen Gr\u00fc\u00dfen<\/p>\n\n\n\n<p>Sandra Schneider<br>B\u00dcRO BLAU \u2013 r\u00e4ume.bildung.dialoge gemeinn\u00fctzige GmbH<br><em>(Beauftragtes B\u00fcro zur Umsetzung des Partizipationsprozesses)<\/em><\/p>\n","protected":false},"excerpt":{"rendered":"<p>Sehr geehrte Damen und Herren, liebe Akteure vor Ort, liebe Nachbarinnen und Nachbarn, der Park am Wei\u00dfen See hat f\u00fcr den innerst\u00e4dtischen Bereich im Bezirk Pankow eine herausragende Bedeutung und erfreut sich auch bezirks\u00fcbergreifend gro\u00dfer Beliebtheit. Die starke Inanspruchnahme der [&hellip;]<\/p>\n","protected":false},"author":5,"featured_media":2448,"comment_status":"closed","ping_status":"closed","sticky":false,"template":"","format":"standard","meta":{"footnotes":""},"categories":[8,7,9,10,38],"tags":[164,58,195,41],"class_list":["post-2446","post","type-post","status-publish","format-standard","has-post-thumbnail","hentry","category-60-in-weissensee","category-aktivitaeten-fuer-familien","category-ehrenamt-in-weissensee","category-fachgespraeche","category-initiativen-berichten","tag-buergerbeteiligung","tag-freizeithause-v","tag-parkamweissensee","tag-weissensee"],"_links":{"self":[{"href":"https:\/\/www.unser-weissensee.de\/index.php\/wp-json\/wp\/v2\/posts\/2446","targetHints":{"allow":["GET"]}}],"collection":[{"href":"https:\/\/www.unser-weissensee.de\/index.php\/wp-json\/wp\/v2\/posts"}],"about":[{"href":"https:\/\/www.unser-weissensee.de\/index.php\/wp-json\/wp\/v2\/types\/post"}],"author":[{"embeddable":true,"href":"https:\/\/www.unser-weissensee.de\/index.php\/wp-json\/wp\/v2\/users\/5"}],"replies":[{"embeddable":true,"href":"https:\/\/www.unser-weissensee.de\/index.php\/wp-json\/wp\/v2\/comments?post=2446"}],"version-history":[{"count":1,"href":"https:\/\/www.unser-weissensee.de\/index.php\/wp-json\/wp\/v2\/posts\/2446\/revisions"}],"predecessor-version":[{"id":2449,"href":"https:\/\/www.unser-weissensee.de\/index.php\/wp-json\/wp\/v2\/posts\/2446\/revisions\/2449"}],"wp:featuredmedia":[{"embeddable":true,"href":"https:\/\/www.unser-weissensee.de\/index.php\/wp-json\/wp\/v2\/media\/2448"}],"wp:attachment":[{"href":"https:\/\/www.unser-weissensee.de\/index.php\/wp-json\/wp\/v2\/media?parent=2446"}],"wp:term":[{"taxonomy":"category","embeddable":true,"href":"https:\/\/www.unser-weissensee.de\/index.php\/wp-json\/wp\/v2\/categories?post=2446"},{"taxonomy":"post_tag","embeddable":true,"href":"https:\/\/www.unser-weissensee.de\/index.php\/wp-json\/wp\/v2\/tags?post=2446"}],"curies":[{"name":"wp","href":"https:\/\/api.w.org\/{rel}","templated":true}]}}