{"id":2433,"date":"2023-09-05T12:58:20","date_gmt":"2023-09-05T12:58:20","guid":{"rendered":"https:\/\/www.unser-weissensee.de\/?p=2433"},"modified":"2023-09-07T08:04:46","modified_gmt":"2023-09-07T08:04:46","slug":"weissenseer-maerchentage-im-jaspace","status":"publish","type":"post","link":"https:\/\/www.unser-weissensee.de\/index.php\/2023\/09\/05\/weissenseer-maerchentage-im-jaspace\/","title":{"rendered":"Wei\u00dfenseer M\u00e4rchentage im Ja!Space"},"content":{"rendered":"\n<p><strong>Vom 06. bis 08. September 2023<\/strong><\/p>\n\n\n\n<p>Bei den Wei\u00dfenseer M\u00e4rchentagen wird ein winziges Tor in die fantastische Welt<br>der Drachen und Prinzen, Feen und Trolle ge\u00f6ffnet. Bei bildhaften Schilderungen<br>der M\u00e4rchenerz\u00e4hlerin, spannenden Darbietungen des Puppenspiels oder beim<br>mitrei\u00dfenden Gesang, ist jeder eingeladen, ob Gro\u00df oder Klein, durch dieses Tor<br>hindurch zu schl\u00fcpfen.<br>Drei Tage lang kann die ganze Familie so an einem stimmungsvollen Ort in ein<br>einzigartiges Abenteuer eintauchen. Unter B\u00e4umen steht eine schwarze Jurte, in deren<br>Mitte in einem Ofen ein Feuer lodert. \u00dcber dem Feuer k\u00f6chelt leckerer Tee. Mutige<br>Kinder und neugierige Erwachsene lauschen Geschichten aus aller Welt und d\u00fcrfen<br>die Anstrengungen des Tages bei einem St\u00fcck Kuchen, bestem Kaffee und guten<br>Gespr\u00e4chen hinter sich lassen. Wir bitten um eine Spende von 3 \u20ac pro Person und<br>Auff\u00fchrung. Gruppen \u00fcber 5 Personen melden sich bitte an.<\/p>\n\n\n\n<h2 class=\"wp-block-heading\">Programm<\/h2>\n\n\n\n<p><strong>Mittwoch, den 06. September<\/strong><br>10:00 Uhr _ Der Hase im Mond<br>Handpuppenspiel ab 3 Jahren mit Heike Kammer*<br>10:45 Uhr _ Puppen selbst gebaut <br>Puppenbauworkshop f\u00fcr Kinder ab 4 Jahren mit Heike Kammer*<br>15:00 Uhr _ Karotte der Freundschaft<br>Handpuppenspiel ab 4 Jahren mit Heike Kammer*<br>17:00 Uhr _ Der Wolf auf dem Sommerball<br>Handpuppenspiel ab 3 Jahren mit Heike Kammer*<br>17:45 Uhr _ Kindersingen<br><\/p>\n\n\n\n<p><strong>Donnerstag, den 07. September<\/strong><br>09:30 Uhr _ Die Bremer Stadtmusikanten<br>Kamishibai f\u00fcr Kinder ab 3 Jahren mit Gabriele Brand-Hartwich<br>10:00 Uhr _ Puppen selbst gebaut<br>Puppenbauworkshop f\u00fcr Kinder ab 4 Jahren mit f\u00fcr Kinder ab 3 Jahren mit<br>Gabriele Brand-Hartwich<br>10:30 Uhr _ Wusel und seine Freunde Marionettenspiel ab 3 Jahren mit Katharina K\u00f6rner<br>16:00 Uhr _ Wusel und seine Freunde Marionettenspiel ab 3 Jahren mit Katharina K\u00f6rner<br>17:00 Uhr _ Dornr\u00f6schen M\u00e4rchenerz\u00e4hlung ab 4 Jahren mit Nicole Lengenberg***<br>17:45 Uhr _ Kindersingen<\/p>\n\n\n\n<p><strong>Freitag, den 08. September<\/strong><br>09:30 Uhr _ Das M\u00e4rchen vom dicken, fetten Pfannkuchen<br>Kamishibai f\u00fcr Kinder ab 3 Jahren mit Gabriele Brand-Hartwich<br>10:00 Uhr _ Puppen selbst gebaut<br>Puppenbauworkshop f\u00fcr Kinder ab 4 Jahren mit f\u00fcr Kinder ab 3 Jahren mit<br>Gabriele Brand-Hartwich<br>10:00 Uhr _ Der Wolf auf dem Sommerball<br>Handpuppenspiel ab 3 Jahren mit Heike Kammer<br>10:45 Uhr _ Puppen selbst gebaut<br>Puppenbauworkshop f\u00fcr Kinder ab 4 Jahren mit Heike Kammer<br>16:00 Uhr _ Doktor Wackelzahn<br>Handpuppenspiel ab 3 Jahren mit Heike Kammer*<br>16:00 Uhr _ Der Hase im Mond<br>Handpuppenspiel ab 3 Jahren mit Heike Kammer*<br>17:45 Uhr _ Kindersingen<\/p>\n\n\n\n<p><strong>Wo:<\/strong> <a href=\"https:\/\/www.frei-zeit-haus.de\/projekte\/mobile-stadtteilarbeit.html\" data-type=\"link\" data-id=\"https:\/\/www.frei-zeit-haus.de\/projekte\/mobile-stadtteilarbeit.html\">JA!Space, Neumagener Stra\u00dfe 13, 13088 Berlin<\/a><br><strong>Ansprechpartner:<\/strong> Charles Sebastian B\u00f6hm, Tel. 0151 40 14 40 85<br>Info@kinder-brauchen-matsch.de<br><a href=\"http:\/\/www.maerchen-in-berlin.de\" data-type=\"link\" data-id=\"www.maerchen-in-berlin.de\">www.maerchen-in-berlin.de<\/a><\/p>\n","protected":false},"excerpt":{"rendered":"<p>Vom 06. bis 08. September 2023 Bei den Wei\u00dfenseer M\u00e4rchentagen wird ein winziges Tor in die fantastische Weltder Drachen und Prinzen, Feen und Trolle ge\u00f6ffnet. Bei bildhaften Schilderungender M\u00e4rchenerz\u00e4hlerin, spannenden Darbietungen des Puppenspiels oder beimmitrei\u00dfenden Gesang, ist jeder eingeladen, ob [&hellip;]<\/p>\n","protected":false},"author":5,"featured_media":2436,"comment_status":"closed","ping_status":"closed","sticky":false,"template":"","format":"standard","meta":{"footnotes":""},"categories":[7],"tags":[43,61,58,183,60,193,194,131,41],"class_list":["post-2433","post","type-post","status-publish","format-standard","has-post-thumbnail","hentry","category-aktivitaeten-fuer-familien","tag-berlin","tag-familien","tag-freizeithause-v","tag-jaspace","tag-kinder","tag-maerchen","tag-maerchentage","tag-nachbarschaft","tag-weissensee"],"_links":{"self":[{"href":"https:\/\/www.unser-weissensee.de\/index.php\/wp-json\/wp\/v2\/posts\/2433","targetHints":{"allow":["GET"]}}],"collection":[{"href":"https:\/\/www.unser-weissensee.de\/index.php\/wp-json\/wp\/v2\/posts"}],"about":[{"href":"https:\/\/www.unser-weissensee.de\/index.php\/wp-json\/wp\/v2\/types\/post"}],"author":[{"embeddable":true,"href":"https:\/\/www.unser-weissensee.de\/index.php\/wp-json\/wp\/v2\/users\/5"}],"replies":[{"embeddable":true,"href":"https:\/\/www.unser-weissensee.de\/index.php\/wp-json\/wp\/v2\/comments?post=2433"}],"version-history":[{"count":4,"href":"https:\/\/www.unser-weissensee.de\/index.php\/wp-json\/wp\/v2\/posts\/2433\/revisions"}],"predecessor-version":[{"id":2445,"href":"https:\/\/www.unser-weissensee.de\/index.php\/wp-json\/wp\/v2\/posts\/2433\/revisions\/2445"}],"wp:featuredmedia":[{"embeddable":true,"href":"https:\/\/www.unser-weissensee.de\/index.php\/wp-json\/wp\/v2\/media\/2436"}],"wp:attachment":[{"href":"https:\/\/www.unser-weissensee.de\/index.php\/wp-json\/wp\/v2\/media?parent=2433"}],"wp:term":[{"taxonomy":"category","embeddable":true,"href":"https:\/\/www.unser-weissensee.de\/index.php\/wp-json\/wp\/v2\/categories?post=2433"},{"taxonomy":"post_tag","embeddable":true,"href":"https:\/\/www.unser-weissensee.de\/index.php\/wp-json\/wp\/v2\/tags?post=2433"}],"curies":[{"name":"wp","href":"https:\/\/api.w.org\/{rel}","templated":true}]}}