{"id":2335,"date":"2023-06-15T08:41:53","date_gmt":"2023-06-15T08:41:53","guid":{"rendered":"https:\/\/www.unser-weissensee.de\/?p=2335"},"modified":"2023-09-07T08:04:47","modified_gmt":"2023-09-07T08:04:47","slug":"kiez-feiert-sommer","status":"publish","type":"post","link":"https:\/\/www.unser-weissensee.de\/index.php\/2023\/06\/15\/kiez-feiert-sommer\/","title":{"rendered":"Kiez feiert Sommer!"},"content":{"rendered":"\n<p>Der Sommer ist da. Alle Menschen sind draussen und feiern den Sommer. Der FreiZeitHaus e. V. ist an vielen Festen beteiligt. Hier nur einige davon. <\/p>\n\n\n\n<p><\/p>\n\n\n\n<p><strong>17.6.<\/strong><br><strong>Sommerfest im Alten Waschhaus<\/strong><br>Das &#8222;Alte Waschhaus&#8220; ist ein Nachbarschaftstreff in der Jacobsohnstr. 51 H, 13086 Berlin. Hier feiern die Nachbarn und Nachbarinnen den Sommer. <br><br><strong>17.6. |<\/strong> 15 &#8211; 17 Uhr <br><strong>Mobiles Wohnzimmer im Komponistenviertel<\/strong><br>Das Mobile Wohnzimmer l\u00e4dt zu einem tollen Fest mit vielen Mitmachangeboten und eine B\u00fchnenprogramm ein. <a href=\"https:\/\/mitgestalter.wordpress.com\/2023\/05\/23\/das-offentliche-wohnzimmer-17-06-2023-15-bis-21-uhr\/\" data-type=\"URL\" data-id=\"https:\/\/mitgestalter.wordpress.com\/2023\/05\/23\/das-offentliche-wohnzimmer-17-06-2023-15-bis-21-uhr\/\">N\u00e4heres zu dem Fest findet ihr hier.<\/a><br><br><strong>21.6. | 16 &#8211; 21 Uhr<\/strong> <br><strong>Fete de la musique im Stadtteilzentrum<\/strong><br>Im Stadtteilzentrum Wei\u00dfensee findet auch dieses Jahr die F\u00eate de la Musique statt. Ab 16 Uhr spielen 4 Band im Garten des Stadtteilzentrums. <a href=\"https:\/\/www.stz-weissensee.de\/veranstaltungen\/icalrepeat.detail\/2023\/06\/21\/11565\/-\/fete-de-la-musique.html\" data-type=\"URL\" data-id=\"https:\/\/www.stz-weissensee.de\/veranstaltungen\/icalrepeat.detail\/2023\/06\/21\/11565\/-\/fete-de-la-musique.html\">Das Programm findet ihr hier.<\/a> <\/p>\n\n\n\n<p><br><strong>28.6. &#8211; 30.06.  | 15 &#8211; 19 Uhr <br>Kiez feiert Sommer in Wei\u00dfensee Ost<\/strong><br>Gleich 3 Feste finden in diesem Zeitraum statt. Am 28.6. findet das Fest auf der Orankewiese (Hansastra\u00dfe 88) statt. Am 29.6. im Ja!Space (Neumagener Stra\u00dfe 13) und am 30.6. in der Gemeinschaftsunterkunft (in der Falkenberger Stra\u00dfe 151 &#8211; 154). <a href=\"https:\/\/kiezgestalten.de\/events\/kiez-feiert-sommer\/\" data-type=\"URL\" data-id=\"https:\/\/kiezgestalten.de\/events\/kiez-feiert-sommer\/\">Das Plakat ist hier. <\/a><\/p>\n\n\n\n<figure class=\"wp-block-gallery has-nested-images columns-default is-cropped wp-block-gallery-1 is-layout-flex wp-block-gallery-is-layout-flex\">\n<figure class=\"wp-block-image size-large\"><img loading=\"lazy\" decoding=\"async\" width=\"723\" height=\"1024\" data-id=\"2350\" src=\"https:\/\/www.unser-weissensee.de\/wp-content\/uploads\/2023\/06\/1das-oeffentliche-wohnzimmer2.webp\" alt=\"\" class=\"wp-image-2350\"\/><\/figure>\n\n\n\n<figure class=\"wp-block-image size-large\"><img loading=\"lazy\" decoding=\"async\" width=\"728\" height=\"1024\" data-id=\"2351\" src=\"https:\/\/www.unser-weissensee.de\/wp-content\/uploads\/2023\/06\/2Kiez_feiertSommer-728x1024.png\" alt=\"\" class=\"wp-image-2351\"\/><\/figure>\n\n\n\n<figure class=\"wp-block-image size-large\"><img loading=\"lazy\" decoding=\"async\" width=\"724\" height=\"1024\" data-id=\"2352\" src=\"https:\/\/www.unser-weissensee.de\/wp-content\/uploads\/2023\/06\/3FdlM_2023_Plakat-724x1024.jpg\" alt=\"\" class=\"wp-image-2352\"\/><\/figure>\n<\/figure>\n\n\n\n<p><\/p>\n\n\n\n<p>Titelbild: Jessica Bryant &#8211; pexel<\/p>\n\n\n\n<p><\/p>\n","protected":false},"excerpt":{"rendered":"<p>Der Sommer ist da. Alle Menschen sind draussen und feiern den Sommer. Der FreiZeitHaus e. V. ist an vielen Festen beteiligt. Hier nur einige davon. 17.6.Sommerfest im Alten WaschhausDas &#8222;Alte Waschhaus&#8220; ist ein Nachbarschaftstreff in der Jacobsohnstr. 51 H, 13086 [&hellip;]<\/p>\n","protected":false},"author":5,"featured_media":2346,"comment_status":"closed","ping_status":"closed","sticky":false,"template":"","format":"standard","meta":{"footnotes":""},"categories":[8,7,38],"tags":[43,51,180,61,178,58,60,131,48,141,179,69,41],"class_list":["post-2335","post","type-post","status-publish","format-standard","has-post-thumbnail","hentry","category-60-in-weissensee","category-aktivitaeten-fuer-familien","category-initiativen-berichten","tag-berlin","tag-bewegung","tag-draussen","tag-familien","tag-feste","tag-freizeithause-v","tag-kinder","tag-nachbarschaft","tag-pankow","tag-sommer","tag-sommerfest","tag-stz-weissensee","tag-weissensee"],"_links":{"self":[{"href":"https:\/\/www.unser-weissensee.de\/index.php\/wp-json\/wp\/v2\/posts\/2335","targetHints":{"allow":["GET"]}}],"collection":[{"href":"https:\/\/www.unser-weissensee.de\/index.php\/wp-json\/wp\/v2\/posts"}],"about":[{"href":"https:\/\/www.unser-weissensee.de\/index.php\/wp-json\/wp\/v2\/types\/post"}],"author":[{"embeddable":true,"href":"https:\/\/www.unser-weissensee.de\/index.php\/wp-json\/wp\/v2\/users\/5"}],"replies":[{"embeddable":true,"href":"https:\/\/www.unser-weissensee.de\/index.php\/wp-json\/wp\/v2\/comments?post=2335"}],"version-history":[{"count":7,"href":"https:\/\/www.unser-weissensee.de\/index.php\/wp-json\/wp\/v2\/posts\/2335\/revisions"}],"predecessor-version":[{"id":2353,"href":"https:\/\/www.unser-weissensee.de\/index.php\/wp-json\/wp\/v2\/posts\/2335\/revisions\/2353"}],"wp:featuredmedia":[{"embeddable":true,"href":"https:\/\/www.unser-weissensee.de\/index.php\/wp-json\/wp\/v2\/media\/2346"}],"wp:attachment":[{"href":"https:\/\/www.unser-weissensee.de\/index.php\/wp-json\/wp\/v2\/media?parent=2335"}],"wp:term":[{"taxonomy":"category","embeddable":true,"href":"https:\/\/www.unser-weissensee.de\/index.php\/wp-json\/wp\/v2\/categories?post=2335"},{"taxonomy":"post_tag","embeddable":true,"href":"https:\/\/www.unser-weissensee.de\/index.php\/wp-json\/wp\/v2\/tags?post=2335"}],"curies":[{"name":"wp","href":"https:\/\/api.w.org\/{rel}","templated":true}]}}