{"id":2099,"date":"2023-04-24T07:44:28","date_gmt":"2023-04-24T07:44:28","guid":{"rendered":"https:\/\/www.unser-weissensee.de\/?p=2099"},"modified":"2023-09-07T08:04:47","modified_gmt":"2023-09-07T08:04:47","slug":"einladung-zum-zuckerfest-id-ul-fitr","status":"publish","type":"post","link":"https:\/\/www.unser-weissensee.de\/index.php\/2023\/04\/24\/einladung-zum-zuckerfest-id-ul-fitr\/","title":{"rendered":"Einladung zum Zuckerfest &#8211; Id-ul-Fitr"},"content":{"rendered":"\n<h2 class=\"wp-block-heading\">Liebe Nachbarn und Freunde,<\/h2>\n\n\n\n<p>Assalamu Alaikum, Friede sei mit Ihnen.<\/p>\n\n\n\n<p>Der Heilige Fastenmonat Ramadan hat begonnen, an dessen Ende ein gro\u00dfes Fest folgt: das Id-ul-Fitr (Zuckerfest). <strong>Diesen feierlichen Anlass m\u00f6chten wir gemeinsam mit Ihnen zelebrieren, wof\u00fcr wir Sie herzlich in die <a href=\"https:\/\/ahmadiyya.de\/gebetsstaette\/moscheen\/berlin\/\" data-type=\"URL\" data-id=\"https:\/\/ahmadiyya.de\/gebetsstaette\/moscheen\/berlin\/\">Khadija-Moschee nach Pankow-Heinersdorf <\/a>einladen am:<\/strong><\/p>\n\n\n\n<p><strong>Dienstag, 25.4.2023 um 19 Uhr<\/strong> (Anmeldung einfach vorab per E-Mail)<\/p>\n\n\n\n<p><strong>Warum fasten Muslime?&nbsp;<\/strong><\/p>\n\n\n\n<p>Die&nbsp;Liebe zu Allah ist es, die uns Muslime zum Fasten bewegt und man ist bereit f\u00fcr das Wohlgefallen Gottes, tags\u00fcber auch auf das zu verzichten, was f\u00fcr einen eigentlich selbstverst\u00e4ndlich ist, sowie das Trinken, Essen und der Beischlaf und dies aus der Liebe zu Allah heraus. So sagt der Heilige Prophet Muhammad (Friede sei mit ihm):&nbsp;<\/p>\n\n\n\n<p>&#8222;Allah sagt: \u201aAlle Taten eines Menschen sind um seiner selbst, ausgenommen das Fasten. Das Fasten wird allein um Meinetwillen abgehalten und deswegen bin ich die Belohnung daf\u00fcr.\u2018\u201c<br>Das ist der Hauptgrund, warum Muslime fasten, aus der Liebe zu Allah, weil man durch das Fasten ihm n\u00e4her kommt. Aber allein das Hungern und Dursten f\u00fchrt nicht dazu, dass man sein Ziel erreicht, denn der Heilige Prophet (Friede seit mit ihm) sagte: \u201eWer nicht aufh\u00f6rt zu l\u00fcgen und weiter mit L\u00fcgen um sich wirft, dessen Hunger und Durst (beim Fasten) wird von Gott nicht belohnt werden.\u201c<br>Diese \u00dcberlieferung \u00fcbermittelt, dass es beim Fasten nicht nur darum geht, auf Essen und Trinken zu verzichten, sondern um viel mehr, es geht darum, sich spirituell und moralisch zu verbessern und seine Schw\u00e4chen zu beseitigen.<\/p>\n\n\n\n<p>Nach dem Ende des Monats Ramadhan findet das&nbsp;Eid-ul-Fitr statt, das ist das dreit\u00e4gige Fest, bei dem man seinen spirituellen Erfolg feiert und betet, dass so ein Tag immer wieder uns erhellen mag, worin unsere moralische und spirituelle Entwicklung im Ramadan ein Anlass zur Freude wird.<\/p>\n\n\n\n<p>Am 25.4.2023 feiern wir den Abschluss des Ramadhan zusammen mit Freunden und Nachbarn. Sie sind herzlich&nbsp;eingeladen!<\/p>\n\n\n\n<p><em>Text und Bild: Said Ahmed Arif (Imam und Islamischer Theologe, Berlin)<\/em><\/p>\n","protected":false},"excerpt":{"rendered":"<p>Liebe Nachbarn und Freunde, Assalamu Alaikum, Friede sei mit Ihnen. Der Heilige Fastenmonat Ramadan hat begonnen, an dessen Ende ein gro\u00dfes Fest folgt: das Id-ul-Fitr (Zuckerfest). Diesen feierlichen Anlass m\u00f6chten wir gemeinsam mit Ihnen zelebrieren, wof\u00fcr wir Sie herzlich in [&hellip;]<\/p>\n","protected":false},"author":5,"featured_media":2103,"comment_status":"closed","ping_status":"closed","sticky":false,"template":"","format":"standard","meta":{"footnotes":""},"categories":[38],"tags":[43,61,58,144,60,131,48,41,143],"class_list":["post-2099","post","type-post","status-publish","format-standard","has-post-thumbnail","hentry","category-initiativen-berichten","tag-berlin","tag-familien","tag-freizeithause-v","tag-id-ul-fitr","tag-kinder","tag-nachbarschaft","tag-pankow","tag-weissensee","tag-zuckerfest"],"_links":{"self":[{"href":"https:\/\/www.unser-weissensee.de\/index.php\/wp-json\/wp\/v2\/posts\/2099","targetHints":{"allow":["GET"]}}],"collection":[{"href":"https:\/\/www.unser-weissensee.de\/index.php\/wp-json\/wp\/v2\/posts"}],"about":[{"href":"https:\/\/www.unser-weissensee.de\/index.php\/wp-json\/wp\/v2\/types\/post"}],"author":[{"embeddable":true,"href":"https:\/\/www.unser-weissensee.de\/index.php\/wp-json\/wp\/v2\/users\/5"}],"replies":[{"embeddable":true,"href":"https:\/\/www.unser-weissensee.de\/index.php\/wp-json\/wp\/v2\/comments?post=2099"}],"version-history":[{"count":4,"href":"https:\/\/www.unser-weissensee.de\/index.php\/wp-json\/wp\/v2\/posts\/2099\/revisions"}],"predecessor-version":[{"id":2106,"href":"https:\/\/www.unser-weissensee.de\/index.php\/wp-json\/wp\/v2\/posts\/2099\/revisions\/2106"}],"wp:featuredmedia":[{"embeddable":true,"href":"https:\/\/www.unser-weissensee.de\/index.php\/wp-json\/wp\/v2\/media\/2103"}],"wp:attachment":[{"href":"https:\/\/www.unser-weissensee.de\/index.php\/wp-json\/wp\/v2\/media?parent=2099"}],"wp:term":[{"taxonomy":"category","embeddable":true,"href":"https:\/\/www.unser-weissensee.de\/index.php\/wp-json\/wp\/v2\/categories?post=2099"},{"taxonomy":"post_tag","embeddable":true,"href":"https:\/\/www.unser-weissensee.de\/index.php\/wp-json\/wp\/v2\/tags?post=2099"}],"curies":[{"name":"wp","href":"https:\/\/api.w.org\/{rel}","templated":true}]}}