{"id":2093,"date":"2023-04-21T15:54:56","date_gmt":"2023-04-21T15:54:56","guid":{"rendered":"https:\/\/www.unser-weissensee.de\/?p=2093"},"modified":"2023-09-07T08:04:47","modified_gmt":"2023-09-07T08:04:47","slug":"weissenseer-kultursommer-2023","status":"publish","type":"post","link":"https:\/\/www.unser-weissensee.de\/index.php\/2023\/04\/21\/weissenseer-kultursommer-2023\/","title":{"rendered":"Wei\u00dfenseer Kultursommer 2023"},"content":{"rendered":"\n<p>Der Wei\u00dfenseer Kultursommer (25. August bis 24. September 2023) ist eine bunte Festreihe, gemacht von Wei\u00dfenseern f\u00fcr Wei\u00dfenseer. Einen Monat lang finden viele gro\u00dfe und kleine Veranstaltungen statt, organisiert von Veranstaltern, Vereinen, Initiativen und einzelnen engagierten B\u00fcrgern aus Wei\u00dfensee. Ziel ist es, die Menschen aus Wei\u00dfensee zusammenzubringen, Kontakte zu kn\u00fcpfen, Nachbarn kennenzulernen und die vielf\u00e4ltigen kulturellen und sozialen Angebote in Wei\u00dfensee sichtbar zu machen.<\/p>\n\n\n\n<figure class=\"wp-block-image size-large is-resized\"><img loading=\"lazy\" decoding=\"async\" src=\"https:\/\/www.unser-weissensee.de\/wp-content\/uploads\/2023\/04\/Kultursommer_Logo_Kasten_2023-02-1024x1024.png\" alt=\"Logo vom Wei\u00dfenseer Kultursommer\" class=\"wp-image-2115\" width=\"484\" height=\"484\"\/><figcaption class=\"wp-element-caption\">Logo vom Wei\u00dfenseer Kultursommer<\/figcaption><\/figure>\n\n\n\n<p>Der Wei\u00dfenseer Kultursommer umfasst die Bereiche Kultur, Geschichte, Begegnung und Umwelt. Wenn Sie in diesem Zeitraum eine Veranstaltung planen, die zu einem dieser vier Themenbereiche passt, dann z\u00f6gern Sie nicht, sich anzumelden. Der Vorteil: Gemeinsame Werbung, die f\u00fcr Sie ohne Kosten ist, und eine Vernetzung von Wei\u00dfenseer Initiativen, die sich gegenseitig f\u00f6rdern und unterst\u00fctzen.<\/p>\n\n\n\n<p>Vorbereitet wird der Wei\u00dfenseer Kultursommer von einer zum Teil auch ehrenamtlichen Initiativ-Gruppe, in der vertreten sind der Kulturf\u00f6rderverein Wei\u00dfensee e.V., die Musikschule B\u00e9la Bart\u00f3k, das Bildungs- und Kulturzentrum Peter Edel, das BENN-Team Wei\u00dfensee, die Mobile Stadtteilarbeit Wei\u00dfensee-Ost (MoSt) sowie das Bezirksamt Pankow.<\/p>\n\n\n\n<p>Weitere Informationen und Anmeldung f\u00fcr Veranstalter:<\/p>\n\n\n\n<p><strong><a href=\"https:\/\/weissensee-kultur.de\/\" data-type=\"URL\" data-id=\"https:\/\/weissensee-kultur.de\/\">weissensee-kultur.de<\/a><\/strong><\/p>\n\n\n\n<p><\/p>\n\n\n\n<p>R\u00fcckfragen bitte an:<\/p>\n\n\n\n<p>Wolfhard Spies<br>Trarbacher Stra\u00dfe 2, 13088 Berlin<br>Tel. 0176 83 49 51 78<br>wolfhard.spies@web.de<\/p>\n","protected":false},"excerpt":{"rendered":"<p>Der Wei\u00dfenseer Kultursommer (25. August bis 24. September 2023) ist eine bunte Festreihe, gemacht von Wei\u00dfenseern f\u00fcr Wei\u00dfenseer. Einen Monat lang finden viele gro\u00dfe und kleine Veranstaltungen statt, organisiert von Veranstaltern, Vereinen, Initiativen und einzelnen engagierten B\u00fcrgern aus Wei\u00dfensee. Ziel [&hellip;]<\/p>\n","protected":false},"author":5,"featured_media":2112,"comment_status":"closed","ping_status":"closed","sticky":false,"template":"","format":"standard","meta":{"footnotes":""},"categories":[8,7,38],"tags":[43,61,139,48,141,69,140,41,142],"class_list":["post-2093","post","type-post","status-publish","format-standard","has-post-thumbnail","hentry","category-60-in-weissensee","category-aktivitaeten-fuer-familien","category-initiativen-berichten","tag-berlin","tag-familien","tag-kultur","tag-pankow","tag-sommer","tag-stz-weissensee","tag-veranstaltungen","tag-weissensee","tag-weissenseer-kultursommer"],"_links":{"self":[{"href":"https:\/\/www.unser-weissensee.de\/index.php\/wp-json\/wp\/v2\/posts\/2093","targetHints":{"allow":["GET"]}}],"collection":[{"href":"https:\/\/www.unser-weissensee.de\/index.php\/wp-json\/wp\/v2\/posts"}],"about":[{"href":"https:\/\/www.unser-weissensee.de\/index.php\/wp-json\/wp\/v2\/types\/post"}],"author":[{"embeddable":true,"href":"https:\/\/www.unser-weissensee.de\/index.php\/wp-json\/wp\/v2\/users\/5"}],"replies":[{"embeddable":true,"href":"https:\/\/www.unser-weissensee.de\/index.php\/wp-json\/wp\/v2\/comments?post=2093"}],"version-history":[{"count":3,"href":"https:\/\/www.unser-weissensee.de\/index.php\/wp-json\/wp\/v2\/posts\/2093\/revisions"}],"predecessor-version":[{"id":2117,"href":"https:\/\/www.unser-weissensee.de\/index.php\/wp-json\/wp\/v2\/posts\/2093\/revisions\/2117"}],"wp:featuredmedia":[{"embeddable":true,"href":"https:\/\/www.unser-weissensee.de\/index.php\/wp-json\/wp\/v2\/media\/2112"}],"wp:attachment":[{"href":"https:\/\/www.unser-weissensee.de\/index.php\/wp-json\/wp\/v2\/media?parent=2093"}],"wp:term":[{"taxonomy":"category","embeddable":true,"href":"https:\/\/www.unser-weissensee.de\/index.php\/wp-json\/wp\/v2\/categories?post=2093"},{"taxonomy":"post_tag","embeddable":true,"href":"https:\/\/www.unser-weissensee.de\/index.php\/wp-json\/wp\/v2\/tags?post=2093"}],"curies":[{"name":"wp","href":"https:\/\/api.w.org\/{rel}","templated":true}]}}