{"id":1979,"date":"2023-03-30T13:51:08","date_gmt":"2023-03-30T13:51:08","guid":{"rendered":"https:\/\/www.unser-weissensee.de\/?p=1979"},"modified":"2023-09-07T08:04:47","modified_gmt":"2023-09-07T08:04:47","slug":"der-sozial-kultur-markt-auf-dem-antonplatz-in-weissensee","status":"publish","type":"post","link":"https:\/\/www.unser-weissensee.de\/index.php\/2023\/03\/30\/der-sozial-kultur-markt-auf-dem-antonplatz-in-weissensee\/","title":{"rendered":"Der Sozial-Kultur-Markt auf dem Antonplatz in Wei\u00dfensee"},"content":{"rendered":"\n<p>Am 11. Mai 2023 findet zum 17. Mal der Sozial-Kultur-Markt auf dem Antonplatz statt. Ein guter Augenblick mal nachzufragen wie es begonnen hat. Wir fragen Christopf Lewek, den ehemaligen Gesch\u00e4ftsf\u00fchrer des FreiZeitHaus e. V.. <br><strong><br>Lieber Christoph, du warst viele Jahre der Gesch\u00e4ftsf\u00fchrer des FreiZeitHaus e. V.. Im Mai findet der Sozial-Kultur-Markt auf dem Antonplatz zum 17. Mal statt. Ist es richtig, dass die Idee f\u00fcr diese Veranstaltung im FreiZeitHaus e. V. entstand? Wer hatte die Idee und wo wolltet ihr hin?<\/strong><\/p>\n\n\n\n<p><em>Es ging uns damals um Vernetzung der Einrichtungen in der Region und nat\u00fcrlich darum, die Wei\u00dfenseer auf unsere Angebote aufmerksam zu machen. Wenige Jahre zuvor gab es die Bezirksfusion, durch die unserer jetziger gro\u00dfer Stadtbezirk entstand, und dadurch war der Blick von vielen eher auf den Gro\u00dfbezirk gerichtet, weniger auf die Angebote \u201evor der Haust\u00fcr\u201c. Au\u00dferdem gab es K\u00fcrzungen der \u00f6ffentlichen Mittel im Jugend- und Sozialbereich und auch bei Kultureinrichtungen, so dass es wichtig wurde, dass wir, die betroffenen Einrichtungen n\u00e4her zusammenr\u00fcckten. Und das geht am besten, wenn man was Sch\u00f6nes zusammen macht. So entstand bei uns die Idee f\u00fcr den SozialKulturMarkt auf dem Antonplatz als gemeinsame Aktion von Wei\u00dfenseer Einrichtungen und als Werbung f\u00fcr die vielen Angebote und Beteiligungsm\u00f6glichkeiten, die es hier vor Ort gibt.<\/em><\/p>\n\n\n\n<figure class=\"wp-block-gallery has-nested-images columns-default is-cropped wp-block-gallery-1 is-layout-flex wp-block-gallery-is-layout-flex\">\n<figure class=\"wp-block-image size-large\"><img loading=\"lazy\" decoding=\"async\" width=\"1024\" height=\"768\" data-id=\"2019\" src=\"https:\/\/www.unser-weissensee.de\/wp-content\/uploads\/2023\/03\/skm12-1024x768.jpg\" alt=\"Christoph Lewek, der langj\u00e4hrige Gesch\u00e4ftsf\u00fchrer des FreiZeitHaus e. v.  und Antonia Fleckenstein, die Koordinatorin des NAIMO - Nachbarschaftstreff im Moselviertel\" class=\"wp-image-2019\"\/><figcaption class=\"wp-element-caption\">Christoph und Antonia<\/figcaption><\/figure>\n\n\n\n<figure class=\"wp-block-image size-large\"><img loading=\"lazy\" decoding=\"async\" width=\"1024\" height=\"683\" data-id=\"2001\" src=\"https:\/\/www.unser-weissensee.de\/wp-content\/uploads\/2023\/03\/SKM1-1024x683.jpg\" alt=\"Blick an den St\u00e4nden entlang\" class=\"wp-image-2001\"\/><figcaption class=\"wp-element-caption\">St\u00e4nde<\/figcaption><\/figure>\n\n\n\n<figure class=\"wp-block-image size-large\"><img loading=\"lazy\" decoding=\"async\" width=\"1024\" height=\"683\" data-id=\"2004\" src=\"https:\/\/www.unser-weissensee.de\/wp-content\/uploads\/2023\/03\/skm2-1024x683.jpg\" alt=\"Blick \u00fcber den Platz in Richtig Kino Toni, im Vordergrund ist der Mitmachzirkuns zusehen\" class=\"wp-image-2004\"\/><figcaption class=\"wp-element-caption\">antonplatz<\/figcaption><\/figure>\n<\/figure>\n\n\n\n<p><strong>Wann fand der 1. Sozial-Kultur-Markt statt?<\/strong><\/p>\n\n\n\n<p><em>Ich habe in den Unterlagen ein bisschen suchen m\u00fcssen, um das herauszufinden. Ich denke, es war 2005, und zwar auch damals schon im Mai. Eventuell ein Jahr eher oder sp\u00e4ter.<\/em><\/p>\n\n\n\n<p><strong>Wie viele St\u00e4nde hatte der Markt am Anfang und hat sich das mit den Jahren ge\u00e4ndert?<\/strong><\/p>\n\n\n\n<p><em>Wenn ich mich recht entsinne, liefen die ersten 2 Jahre sehr bescheiden, 5 h\u00f6chstens 6 St\u00e4nde und kaum Besucher. Aber von 2008 habe ich noch Unterlagen gefunden: Da gab es 14 St\u00e4nde, ein Jahr sp\u00e4ter bereits 21. Die letzten Jahre vor der Corona-Pause kamen wir an die Grenzen des Antonplatzes: mehr als 30 geht nicht. Zum Teil mussten wie da ein bisschen zusammenr\u00fccken und improvisieren.<\/em><\/p>\n\n\n\n<p><em>Der Heimatverein, die Stephanus-Stiftung, der Frauenladen Paula, die Evangelische Kirchengemeinde zum Beispiel, die waren regelm\u00e4\u00dfig von Anfang an und jedes Jahr dabei. Auch die Zukunftswerkstatt Heinersdorf und der Bildungsverein. Und nat\u00fcrlich der FreiZeitHaus Verein mit seinen verschiedenen Einrichtungen.<\/em><\/p>\n\n\n\n<p><strong>An den St\u00e4nden bieten die Initiativen\/Vereine neben den Informationen auch immer kleine Bastelaktionen oder Spiele an. War das schon immer so oder hat sich das erst entwickelt?<\/strong><\/p>\n\n\n\n<p><em>Das Konzept der Veranstaltung hat sich im Ganzen nicht ver\u00e4ndert: Um die St\u00e4nde attraktiv zu gestalten, gibt es an jedem irgendeine \u201eAktivit\u00e4t\u201c. Dabei ist es egal, ob es ein Bastelangebot, oder etwas zu trinken oder ein Quizz ist. Au\u00dferdem gibt es ein zentrales Programm, in der Regel mit Vorf\u00fchrungen oder Auff\u00fchrungen aus Wei\u00dfenseer Einrichtungen: <a href=\"https:\/\/dokan.de\/\" data-type=\"URL\" data-id=\"https:\/\/dokan.de\/\">Dokan<\/a> war oft dabei, einige Male NoLimit, oft eine Musikgruppe aus der <a href=\"https:\/\/zukunftswerkstatt-heinersdorf.de\/\" data-type=\"URL\" data-id=\"https:\/\/zukunftswerkstatt-heinersdorf.de\/\">Zukunftswerkstatt Heinersdorf<\/a> oder einzelne Musikerinnen oder Musiker, sehr h\u00e4ufig der Posaunenchor der Evangelischen Gemeinde, Trommelgruppen zum Beispiel von wib und viele andere auch. Wichtig war uns, dass es sich um Wei\u00dfenseer handelt (oder zumindest aus dem Umfeld), um den regionalen Charakter der Veranstaltung zu behalten. Noch ein Punkt war immer wichtig: die Effektivit\u00e4t schon in der Vorbereitung. So lag bei uns im FreiZeitHaus zwar die Organisation, jedoch das <a href=\"https:\/\/im-maxim.de\/\" data-type=\"URL\" data-id=\"https:\/\/im-maxim.de\/\">Maxim<\/a> k\u00fcmmert sich regelm\u00e4\u00dfig um die Beschallung, und alle gemeinsam f\u00fchlen sich verantwortlich f\u00fcr das Programm und das Gelingen. Dadurch wird niemand \u00fcberlastet, und doch wird es eine sch\u00f6ne gro\u00dfe Veranstaltung. Das ist wie bei den Nachbarschaftspartys: einer stellt den Tisch raus und alle Nachbarn kommen und stellen etwas selbst gemachtes drauf. Das wird dann ein wunderbares, leckeres Buffet!<\/em><\/p>\n\n\n\n<figure class=\"wp-block-gallery has-nested-images columns-default is-cropped wp-block-gallery-2 is-layout-flex wp-block-gallery-is-layout-flex\">\n<figure class=\"wp-block-image size-large\"><img loading=\"lazy\" decoding=\"async\" width=\"1024\" height=\"768\" data-id=\"2020\" src=\"https:\/\/www.unser-weissensee.de\/wp-content\/uploads\/2023\/03\/20220519_180700-1024x768.jpg\" alt=\"Malen am Stand\" class=\"wp-image-2020\"\/><figcaption class=\"wp-element-caption\">Malen mit Farbe<\/figcaption><\/figure>\n\n\n\n<figure class=\"wp-block-image size-large\"><img loading=\"lazy\" decoding=\"async\" width=\"1024\" height=\"768\" data-id=\"2021\" src=\"https:\/\/www.unser-weissensee.de\/wp-content\/uploads\/2023\/03\/20220519_181824-1024x768.jpg\" alt=\"Kind bemalt eine Stofft\u00fcte\" class=\"wp-image-2021\"\/><figcaption class=\"wp-element-caption\">Malaktion<\/figcaption><\/figure>\n\n\n\n<figure class=\"wp-block-image size-large\"><img loading=\"lazy\" decoding=\"async\" width=\"1024\" height=\"683\" data-id=\"1991\" src=\"https:\/\/www.unser-weissensee.de\/wp-content\/uploads\/2023\/03\/IMG_6815-1024x683.jpg\" alt=\"Flyer Maxim \" class=\"wp-image-1991\"\/><figcaption class=\"wp-element-caption\">Flyer vom Maxim<\/figcaption><\/figure>\n<\/figure>\n\n\n\n<p><strong>Hast du eine besondere Erinnerung an einen Sozial-Kultur-Markt \u2013 eine besonders sch\u00f6ne oder aber auch eine nicht so sch\u00f6ne?<\/strong><\/p>\n\n\n\n<p><em>Vieles war und ist sch\u00f6n auf dem SozialKulturMarkt, schon allein das Miteinander. Spontan muss ich aber an einen Auftritt denken, der supersch\u00f6n und sehr gelungen war: Ungef\u00e4hr 2015. Da hatte wib einen flash mob organisiert, mit vielen Beteiligten und gro\u00dfem Aufwand, und auch mit gro\u00dfem Erfolg.<\/em><\/p>\n\n\n\n<figure class=\"wp-block-image size-large\"><img loading=\"lazy\" decoding=\"async\" width=\"1024\" height=\"681\" src=\"https:\/\/www.unser-weissensee.de\/wp-content\/uploads\/2023\/03\/skm3-1024x681.jpg\" alt=\"Viele Menschen auf dem Antonplatz.\" class=\"wp-image-2005\"\/><figcaption class=\"wp-element-caption\">Flash mob <\/figcaption><\/figure>\n\n\n\n<p><em>Unsch\u00f6ne Situationen haben uns einige Mal das Wetter bereitet. Ich entsinne mich an ein Jahr, da hat es tats\u00e4chlich eine Stunde vor der Er\u00f6ffnung angefangen zu regnen, und aufgeh\u00f6rt als wir dann gegen Abend abgebaut haben.<\/em><\/p>\n\n\n\n<p><strong>Am 11. Mai, 15 Uhr treffen sich wieder alle auf dem Antonplatz. Bist du dabei?<\/strong><\/p>\n\n\n\n<p><em>Ja, ich habe den Termin fest eingeplant! Ist ja nun spannend dabeizusein ohne f\u00fcr irgendetwas Verantwortung zu haben. Und nicht zuletzt auch, um viele \u201ealte Bekannte\u201c zu treffen.<\/em><\/p>\n\n\n\n<p>Na, dann sehen wir uns am 11.5.. Vielen Dank f\u00fcr das Gespr\u00e4ch.<\/p>\n\n\n\n<p><\/p>\n\n\n\n<figure class=\"wp-block-gallery has-nested-images columns-default is-cropped wp-block-gallery-3 is-layout-flex wp-block-gallery-is-layout-flex\">\n<figure class=\"wp-block-image size-large\"><img loading=\"lazy\" decoding=\"async\" width=\"1024\" height=\"768\" data-id=\"1993\" src=\"https:\/\/www.unser-weissensee.de\/wp-content\/uploads\/2023\/03\/20210520_174647-1024x768.jpg\" alt=\"Heidi und Barbara von der FreiwilligenAgentur Pankow. \" class=\"wp-image-1993\"\/><figcaption class=\"wp-element-caption\">Heidi und Barbara von der FreiwilligenAgentur Pankow. <\/figcaption><\/figure>\n\n\n\n<figure class=\"wp-block-image size-large\"><img loading=\"lazy\" decoding=\"async\" width=\"1024\" height=\"683\" data-id=\"2000\" src=\"https:\/\/www.unser-weissensee.de\/wp-content\/uploads\/2023\/03\/skm6-1024x683.jpg\" alt=\"Karatevorf\u00fchrung der Kinder vom Dokan Sportclub\" class=\"wp-image-2000\"\/><figcaption class=\"wp-element-caption\">Dokanvorf\u00fchrung<\/figcaption><\/figure>\n\n\n\n<figure class=\"wp-block-image size-large\"><img loading=\"lazy\" decoding=\"async\" width=\"1024\" height=\"683\" data-id=\"1989\" src=\"https:\/\/www.unser-weissensee.de\/wp-content\/uploads\/2023\/03\/IMG_5173-1024x683.jpg\" alt=\"Band &quot;Blech und Schwafel&quot; spielen beim SKM \" class=\"wp-image-1989\"\/><figcaption class=\"wp-element-caption\">Band &#8222;Blech und Schwafel&#8220; spielen beim SKM <\/figcaption><\/figure>\n<\/figure>\n\n\n\n<p>Auch in diesem Jahr wird es wieder bunt auf dem Antonplatz. <\/p>\n\n\n\n<p>Der<a href=\"https:\/\/im-maxim.de\/\" data-type=\"URL\" data-id=\"https:\/\/im-maxim.de\/\"> Jugendclub Maxim<\/a> organisiert wieder die Tontechnik. Und die <a href=\"https:\/\/www.ehrenamt-pankow.berlin\/\" data-type=\"URL\" data-id=\"https:\/\/www.ehrenamt-pankow.berlin\/\">FreiwilligenAgentur Pankow<\/a> und das <a href=\"https:\/\/www.frei-zeit-haus.de\/\" data-type=\"URL\" data-id=\"https:\/\/www.frei-zeit-haus.de\/\">FreiZeitHaus e. V.<\/a> \u00fcbernimmt die organisation des Marktes. <\/p>\n\n\n\n<h2 class=\"wp-block-heading\">Das B\u00fchnenprogramm 2023:<\/h2>\n\n\n\n<p><strong>15:00 \u2013 15:15 Uhr Begr\u00fc\u00dfung<\/strong><\/p>\n\n\n\n<p><strong>15:30 \u2013 16:00 Uhr BiSouterrain <\/strong><br>Chansons, alte Schlager Pop-Klassiker<\/p>\n\n\n\n<p><strong>16:45 \u2013 17:00 Uhr Tanz- und Karat\u00e9show<\/strong><br>Dokan Sportclub, Ltg. Janine Keyser<\/p>\n\n\n\n<p><strong>17:15 \u2013 17:45 Uhr Bateria de risco<\/strong><br>Brasilianische Percussion, Ltg. Katja H\u00f6llein (Musikschule B\u00e9la Bart\u00f3k in Kooperation mit beta gGmbH)<\/p>\n\n\n\n<p><strong>17:55 \u2013 18:25 Uhr B\u00e9la tanzt &#8211; Weltmusik<\/strong><br>Bl\u00e4serensemble Wei\u00dfensee mit Jugendstreich Wei\u00dfensee und Bateria de risco<br>Ltg. Lutz Wolf\/Stephanie Thunert\/Katja H\u00f6llein (Musikschule B\u00e9la Bart\u00f3k in Kooperation mit beta gGmbH)<\/p>\n\n\n\n<p><\/p>\n\n\n\n<h2 class=\"wp-block-heading\">Mit dabei in diesem Jahr:<\/h2>\n\n\n\n<p>\u2022 Bezirksamt Pankow &#8211; Fachbereich Stadterneuerung<br>\u2022 BENN Wei\u00dfensee<br>\u2022 beta gGmbH<br>\u2022 Betreuungsverein Pankow <br>\u2022 Bildungsverein am Kreuzpfuhl e. V <br>\u2022 Die kommunalen Begegnungsst\u00e4tten in Pankow <br>\u2022 die reha e.v. <br>\u2022 Eine Welt Laden <br>\u2022 Evangelische Kirchengemeinde Weissensee <br>\u2022 Familienzentrum Wei\u00dfensee <br>\u2022 Naimo &#8211; Nachbarschaftstreff im Moselviertel <br>\u2022 STZ Wei\u00dfensee <br>\u2022 FreiwilligenAgentur Pankow <br>\u2022 Heimatfreunde e.V. <br>\u2022 JFE Mahler20 <br>\u2022 Junge Humanist_innen <br>\u2022 KIS &#8211; Kontakt und Informationsstelle Selbsthilfe <br>\u2022 Kontaktstelle PflegeEngagement Pankow <br>\u2022 KuBiZ &#8211; Kultur- und Bildungszentrum Raoul Wallenberger<br>\u2022 Kulturf\u00f6rderverein <br>\u2022 KulturMarktHalle e.V. <br><a href=\"https:\/\/www.unser-weissensee.de\/index.php\/2023\/04\/21\/maxim-kinder-und-jugendkulturzentrum\/\" data-type=\"URL\" data-id=\"https:\/\/www.unser-weissensee.de\/index.php\/2023\/04\/21\/maxim-kinder-und-jugendkulturzentrum\/\">\u2022 Maxim &#8211; Jugendclub<\/a><br>\u2022 Mobile Stadtteilarbeit Wei\u00dfensee-Ost <br>\u2022 moskito &#8211; Fach- und Netzwerkstelle gegen Rechtsextremismus, f\u00fcr Demokratieund Vielfalt <br><a href=\"https:\/\/www.unser-weissensee.de\/index.php\/2023\/04\/21\/dauerhaft-ist-besser\/\" data-type=\"URL\" data-id=\"https:\/\/www.unser-weissensee.de\/index.php\/2023\/04\/21\/dauerhaft-ist-besser\/\">\u2022 Murks? Nein Danke! <\/a><br>\u2022 Musikschule B\u00e9la Bart\u00f3k <br>\u2022 Pankow beteiligt <br>\u2022 Selbsthilfeverein der Geringverdienenden und Erwerbslosen Pankow <br>\u2022 Seniorenservice Bezirksamt Pankow <br>\u2022 Seniorenstiftung Prenzlauer Berg <br>\u2022 Stephanus-Stiftung <br>\u2022 Wei\u00dfensee erz\u00e4hlt seine Geschichte(n) <br><a href=\"https:\/\/www.unser-weissensee.de\/index.php\/2023\/04\/21\/weissenseer-kultursommer-2023\/\" data-type=\"URL\" data-id=\"https:\/\/www.unser-weissensee.de\/index.php\/2023\/04\/21\/weissenseer-kultursommer-2023\/\">\u2022 Wei\u00dfenseer Kultursommer <\/a><br>\u2022 WIB &#8211; Wei\u00dfenseer Integrationsbetriebe GmbH <br>\u2022 Zukunftswerkstatt Heinersdorf <\/p>\n","protected":false},"excerpt":{"rendered":"<p>Am 11. Mai 2023 findet zum 17. Mal der Sozial-Kultur-Markt auf dem Antonplatz statt. Ein guter Augenblick mal nachzufragen wie es begonnen hat. Wir fragen Christopf Lewek, den ehemaligen Gesch\u00e4ftsf\u00fchrer des FreiZeitHaus e. V.. Lieber Christoph, du warst viele Jahre [&hellip;]<\/p>\n","protected":false},"author":5,"featured_media":1997,"comment_status":"closed","ping_status":"open","sticky":false,"template":"","format":"standard","meta":{"footnotes":""},"categories":[38],"tags":[134,43,132,58,60,133,131,48,69,41],"class_list":["post-1979","post","type-post","status-publish","format-standard","has-post-thumbnail","hentry","category-initiativen-berichten","tag-antonplatz","tag-berlin","tag-familienzentrum","tag-freizeithause-v","tag-kinder","tag-markt","tag-nachbarschaft","tag-pankow","tag-stz-weissensee","tag-weissensee"],"_links":{"self":[{"href":"https:\/\/www.unser-weissensee.de\/index.php\/wp-json\/wp\/v2\/posts\/1979","targetHints":{"allow":["GET"]}}],"collection":[{"href":"https:\/\/www.unser-weissensee.de\/index.php\/wp-json\/wp\/v2\/posts"}],"about":[{"href":"https:\/\/www.unser-weissensee.de\/index.php\/wp-json\/wp\/v2\/types\/post"}],"author":[{"embeddable":true,"href":"https:\/\/www.unser-weissensee.de\/index.php\/wp-json\/wp\/v2\/users\/5"}],"replies":[{"embeddable":true,"href":"https:\/\/www.unser-weissensee.de\/index.php\/wp-json\/wp\/v2\/comments?post=1979"}],"version-history":[{"count":24,"href":"https:\/\/www.unser-weissensee.de\/index.php\/wp-json\/wp\/v2\/posts\/1979\/revisions"}],"predecessor-version":[{"id":2098,"href":"https:\/\/www.unser-weissensee.de\/index.php\/wp-json\/wp\/v2\/posts\/1979\/revisions\/2098"}],"wp:featuredmedia":[{"embeddable":true,"href":"https:\/\/www.unser-weissensee.de\/index.php\/wp-json\/wp\/v2\/media\/1997"}],"wp:attachment":[{"href":"https:\/\/www.unser-weissensee.de\/index.php\/wp-json\/wp\/v2\/media?parent=1979"}],"wp:term":[{"taxonomy":"category","embeddable":true,"href":"https:\/\/www.unser-weissensee.de\/index.php\/wp-json\/wp\/v2\/categories?post=1979"},{"taxonomy":"post_tag","embeddable":true,"href":"https:\/\/www.unser-weissensee.de\/index.php\/wp-json\/wp\/v2\/tags?post=1979"}],"curies":[{"name":"wp","href":"https:\/\/api.w.org\/{rel}","templated":true}]}}