{"id":1607,"date":"2022-12-10T11:05:28","date_gmt":"2022-12-10T11:05:28","guid":{"rendered":"https:\/\/www.unser-weissensee.de\/?p=1607"},"modified":"2023-09-07T08:04:47","modified_gmt":"2023-09-07T08:04:47","slug":"das-kleine-seeungeheuer-in-weissensee","status":"publish","type":"post","link":"https:\/\/www.unser-weissensee.de\/index.php\/2022\/12\/10\/das-kleine-seeungeheuer-in-weissensee\/","title":{"rendered":"Das kleine Seeungeheuer in Wei\u00dfensee"},"content":{"rendered":"\n<p>Unterwegs in Wei\u00dfensee &#8211; an jeder Ecke entdeckt man etwas Besonderes. Eines der Sch\u00e4tze in unserem <em>Dorf<\/em> ist das \u201eSeewei\u00dfchen\u201c. Ein entz\u00fcckendes, inhabergef\u00fchrtes Gesch\u00e4ft,\u00a0 in dem sich alles um Wundersch\u00f6nes und Zauberhaftes aus Textilien dreht.\u00a0<\/p>\n\n\n\n<p>Die K\u00fcnstlerinnen, die sich selbst als Handwerkerinnen beschreiben, haben mir erlaubt, ihnen ein paar Fragen zu stellen. Und hier sind ihre Antworten.<\/p>\n\n\n\n<figure class=\"wp-block-gallery has-nested-images columns-default is-cropped wp-block-gallery-1 is-layout-flex wp-block-gallery-is-layout-flex\">\n<figure class=\"wp-block-image size-large\"><img loading=\"lazy\" decoding=\"async\" width=\"1024\" height=\"685\" data-id=\"1621\" src=\"https:\/\/www.unser-weissensee.de\/wp-content\/uploads\/2022\/12\/1Fensterfront-1024x685.jpg\" alt=\"\" class=\"wp-image-1621\"\/><\/figure>\n\n\n\n<figure class=\"wp-block-image size-large\"><img loading=\"lazy\" decoding=\"async\" width=\"1024\" height=\"768\" data-id=\"1622\" src=\"https:\/\/www.unser-weissensee.de\/wp-content\/uploads\/2022\/12\/2lauflernschuhe-1024x768.jpg\" alt=\"\" class=\"wp-image-1622\"\/><\/figure>\n\n\n\n<figure class=\"wp-block-image size-large\"><img loading=\"lazy\" decoding=\"async\" width=\"1024\" height=\"736\" data-id=\"1620\" src=\"https:\/\/www.unser-weissensee.de\/wp-content\/uploads\/2022\/12\/3-1024x736.jpg\" alt=\"\" class=\"wp-image-1620\"\/><\/figure>\n<\/figure>\n\n\n\n<p><strong>Wer von Euch ist auf den Namen \u201eSeewei\u00dfchen\u201c gekommen und vor allem wie? Das ist ja schon ein ziemlich kreativer Einfall!&nbsp;<\/strong><\/p>\n\n\n\n<p><strong>Moni:<\/strong> Das war an einem sch\u00f6nen Abend bei Julia mit einer Flasche Wein, nach stundenlangem Brainstorming fiel mir pl\u00f6tzlich \u201eSeewei\u00dfchen\u201c ein und uns war sofort klar, das ist es! Ein Wortspiel mit Wei\u00dfensee und der M\u00e4rchenbezug wegen der Kinder, perfekt! Und irgendwie hatten wir dann im Kopf, dass das Seewei\u00dfchen ein Seeungeheuer sein k\u00f6nnte, da war dann das Logo auch schnell entworfen!<\/p>\n\n\n\n<p><strong>Was gab denn die Idee f\u00fcr das \u201eSeewei\u00dfchen\u201c?<\/strong><\/p>\n\n\n\n<p><strong>Claudia: <\/strong>Moni und ich kennen uns seit der Berufsschule und haben uns zuf\u00e4llig in Berlin wiedergetroffen, sie hat damals schon mit zwei anderen Frauen in dem Laden gearbeitet und mir einen Platz f\u00fcr meine N\u00e4hmaschine angeboten. Als dann die anderen beiden aufgeh\u00f6rt haben, haben wir per Kleinanzeige eine neue Mitstreiterin gesucht und Julia gefunden! Sie wohnte gleich um die Ecke, machte wundersch\u00f6ne Accessoires und war die perfekte Erg\u00e4nzung.&nbsp;<\/p>\n\n\n\n<p><strong>Julia: <\/strong>Ich habe meine Sachen vorher haupts\u00e4chlich online und auf M\u00e4rkten verkauft und dachte, ich lese nicht richtig, als ich die Anzeige sah!<\/p>\n\n\n\n<p><strong>Was zieht die Leute zu Euch? Wer kommt zu euch?<\/strong><\/p>\n\n\n\n<p><strong>Claudia:<\/strong> Unsere Kund:innen sind junge Familien, haupts\u00e4chlich aus Wei\u00dfensee. Hin und wieder reisen aber auch Menschen extra aus Charlottenburg oder Steglitz an, um bei uns einzukaufen, das ehrt uns immer sehr! Alle loben die Langlebigkeit, Nachhaltigkeit und&nbsp; Passform unserer Sachen und nat\u00fcrlich den Service. Sogar die Krabbelschuhe werden, wenn n\u00f6tig, an Kinderf\u00fcsse angepasst und wenn doch mal was kaputt gehen sollte, reparieren wir auch durchgescheuerte Knie oder tauschen schon mal ein B\u00fcndchen aus &#8211;&nbsp; allerdings nur bei unseren eigenen Sachen, sonst machen wir schnell nichts Anderes mehr.<\/p>\n\n\n\n<p><strong>Julia: <\/strong>Wir haben sogar Kunden, die in Spitzbergen wohnen! Auch in den USA, Kanada und Australien laufen Kinder mit Sachen von uns rum.<br><\/p>\n\n\n\n<figure class=\"wp-block-gallery has-nested-images columns-default is-cropped wp-block-gallery-2 is-layout-flex wp-block-gallery-is-layout-flex\">\n<figure class=\"wp-block-image size-large\"><img loading=\"lazy\" decoding=\"async\" width=\"1024\" height=\"768\" data-id=\"1625\" src=\"https:\/\/www.unser-weissensee.de\/wp-content\/uploads\/2022\/12\/4im-geschaeft-1024x768.jpg\" alt=\"\" class=\"wp-image-1625\"\/><\/figure>\n\n\n\n<figure class=\"wp-block-image size-large\"><img loading=\"lazy\" decoding=\"async\" width=\"1024\" height=\"768\" data-id=\"1624\" src=\"https:\/\/www.unser-weissensee.de\/wp-content\/uploads\/2022\/12\/5schoenes-1024x768.jpg\" alt=\"\" class=\"wp-image-1624\"\/><\/figure>\n\n\n\n<figure class=\"wp-block-image size-large\"><img loading=\"lazy\" decoding=\"async\" width=\"576\" height=\"621\" data-id=\"1623\" src=\"https:\/\/www.unser-weissensee.de\/wp-content\/uploads\/2022\/12\/6Team.jpg\" alt=\"\" class=\"wp-image-1623\"\/><\/figure>\n<\/figure>\n\n\n\n<p><strong>Selbst\u00e4ndigkeit und Familie wird oft als fast unm\u00f6glich zu meistern abgestempelt. Wie schafft ihr es, Eure Work-Life-Balance hier nicht zu verlieren?&nbsp;<\/strong><\/p>\n\n\n\n<p><strong>Moni:<\/strong> Work is Life in unserem Fall! Wir kommen alle gerne zur Arbeit, in gewisser Weise ist das hier unsere Auszeit vom Familienalltag, mittags kochen wir zusammen und gehen danach auch schon mal gemeinsam einsam ein paar Z\u00fcge im See schwimmen. Eine muss dann nat\u00fcrlich da bleiben und den Laden offen halten.&nbsp; Da wir zu dritt sind, k\u00f6nnen wir uns mit den Arbeitszeiten gut absprechen, so kommen auch unsere Familien nicht zu kurz, wir sind ja alle drei auch M\u00fctter.<\/p>\n\n\n\n<p><strong>Apropos Selbst\u00e4ndigkeit. Gerade diese Branche hatte es in den letzten Jahren \u00fcberhaupt nicht leicht. Viele Selbst\u00e4ndige mussten \u00e4u\u00dferst einfallsreich werden, um ihre Gesch\u00e4fte am Laufen lassen zu k\u00f6nnen. Wie hat sich diese Zeit auf Eure Prozesse ausgewirkt? Und ist etwas davon geblieben?<\/strong><\/p>\n\n\n\n<p><strong>Julia:<\/strong> Hier profitieren wir auch davon, dass wir zu dritt sind und uns Miete und steigende Nebenkosten teilen. Aber nat\u00fcrlich m\u00fcssen wir auch schauen, dass es am Monatsende reicht.<\/p>\n\n\n\n<p><strong>Claudia:<\/strong> Als Handwerkerinnen sind wir ja auch sehr anpassungsf\u00e4hig. Als das vor zwei Jahren mit Corona losging hat, uns z.b. die Maskenproduktion den Popo gerettet, ohne das g\u00e4be es uns vielleicht jetzt gar nicht mehr. An dieser Stelle nochmal Danke an alle, die uns in dieser Zeit die Treue gehalten haben!<\/p>\n\n\n\n<p><strong>Was macht Wei\u00dfensee so besonders?<\/strong><\/p>\n\n\n\n<p><strong>Julia:<\/strong> Ich finde es ist ein Dorf innerhalb Berlins. Wenn ich in Weissensee unterwegs bin treffe ich eigentlich immer bekannte Gesichter. Ein Zuhause-Gef\u00fchl.<\/p>\n\n\n\n<p><strong>Claudia:<\/strong> Ich wohne ja in Friedrichshain und mag an Wei\u00dfensee vor allem den Menschenmix, alt und jung, alteingesessen und zugezogen, Woolworth, Biocompany und kleiner Einzelhandel in trautem Miteinander. Dit is Berlin.&nbsp;<\/p>\n\n\n\n<p><strong>Moni:<\/strong> Unser Eckchen im Komponistenviertel mag ich am liebsten! Es gibt mit allen Nachbargesch\u00e4ften ein freundliches Miteinander. Es gibt so viele kleine L\u00e4den hier, die alle ihren eigenen Charme haben.<\/p>\n\n\n\n<p><strong>Frage an jede einzelne von euch<\/strong>: <strong>Wenn du dir Eines in unserem Stadtteil w\u00fcnschen k\u00f6nntest, was w\u00e4re es?<\/strong><\/p>\n\n\n\n<p><strong>Julia:<\/strong> Ich w\u00fcnsche mir mehr R\u00e4ume f\u00fcr die Jugendlichen und Kinder in Weissensee. Nebst der Arbeit bin ich ehrenamtlich bei den Pfadfinder*innen aktiv und wir brauchen dringend eigene R\u00e4umlichkeiten.&nbsp;<\/p>\n\n\n\n<p><strong>Claudia: <\/strong>Ja, da schliesse ich mich direkt an. Meine T\u00f6chter sind auch mit Leib und Seele dabei und wir sind f\u00fcr alle Vorschl\u00e4ge dankbar.<\/p>\n\n\n\n<p><strong>Moni:<\/strong> Da ich schon gro\u00dfe Kinder habe, merke ich auch, dass es sehr an Angeboten f\u00fcr Jugendliche und junge Erwachsene mangelt.<\/p>\n\n\n\n<p>Das Seewei\u00dfchen findet ihr in der Lindenallee 56 oder unter <a href=\"http:\/\/www.seeweisschen.de\">www.seeweisschen.de<\/a>&nbsp;<\/p>\n\n\n\n<p><em>Das Gespr\u00e4ch f\u00fchrte Beatrix Zimmermann.<\/em> <em>Fotos: Silke Haack, Team vom Seewei\u00dfchen<\/em><\/p>\n","protected":false},"excerpt":{"rendered":"<p>Unterwegs in Wei\u00dfensee &#8211; an jeder Ecke entdeckt man etwas Besonderes. Eines der Sch\u00e4tze in unserem Dorf ist das \u201eSeewei\u00dfchen\u201c. Ein entz\u00fcckendes, inhabergef\u00fchrtes Gesch\u00e4ft,\u00a0 in dem sich alles um Wundersch\u00f6nes und Zauberhaftes aus Textilien dreht.\u00a0 Die K\u00fcnstlerinnen, die sich selbst [&hellip;]<\/p>\n","protected":false},"author":5,"featured_media":1618,"comment_status":"closed","ping_status":"open","sticky":false,"template":"","format":"standard","meta":{"footnotes":""},"categories":[7],"tags":[],"class_list":["post-1607","post","type-post","status-publish","format-standard","has-post-thumbnail","hentry","category-aktivitaeten-fuer-familien"],"_links":{"self":[{"href":"https:\/\/www.unser-weissensee.de\/index.php\/wp-json\/wp\/v2\/posts\/1607","targetHints":{"allow":["GET"]}}],"collection":[{"href":"https:\/\/www.unser-weissensee.de\/index.php\/wp-json\/wp\/v2\/posts"}],"about":[{"href":"https:\/\/www.unser-weissensee.de\/index.php\/wp-json\/wp\/v2\/types\/post"}],"author":[{"embeddable":true,"href":"https:\/\/www.unser-weissensee.de\/index.php\/wp-json\/wp\/v2\/users\/5"}],"replies":[{"embeddable":true,"href":"https:\/\/www.unser-weissensee.de\/index.php\/wp-json\/wp\/v2\/comments?post=1607"}],"version-history":[{"count":8,"href":"https:\/\/www.unser-weissensee.de\/index.php\/wp-json\/wp\/v2\/posts\/1607\/revisions"}],"predecessor-version":[{"id":1628,"href":"https:\/\/www.unser-weissensee.de\/index.php\/wp-json\/wp\/v2\/posts\/1607\/revisions\/1628"}],"wp:featuredmedia":[{"embeddable":true,"href":"https:\/\/www.unser-weissensee.de\/index.php\/wp-json\/wp\/v2\/media\/1618"}],"wp:attachment":[{"href":"https:\/\/www.unser-weissensee.de\/index.php\/wp-json\/wp\/v2\/media?parent=1607"}],"wp:term":[{"taxonomy":"category","embeddable":true,"href":"https:\/\/www.unser-weissensee.de\/index.php\/wp-json\/wp\/v2\/categories?post=1607"},{"taxonomy":"post_tag","embeddable":true,"href":"https:\/\/www.unser-weissensee.de\/index.php\/wp-json\/wp\/v2\/tags?post=1607"}],"curies":[{"name":"wp","href":"https:\/\/api.w.org\/{rel}","templated":true}]}}