{"id":1402,"date":"2022-10-19T08:27:03","date_gmt":"2022-10-19T08:27:03","guid":{"rendered":"https:\/\/www.unser-weissensee.de\/?p=1402"},"modified":"2023-09-07T08:04:47","modified_gmt":"2023-09-07T08:04:47","slug":"jaspace-das-mobile-stadtteilzentrum-in-weissensee-kommt","status":"publish","type":"post","link":"https:\/\/www.unser-weissensee.de\/index.php\/2022\/10\/19\/jaspace-das-mobile-stadtteilzentrum-in-weissensee-kommt\/","title":{"rendered":"Ja!Space &#8211; das mobile Stadtteilzentrum in Wei\u00dfensee"},"content":{"rendered":"\n<p>Das FreiZeitHaus steht seit \u00fcber 30 Jahren f\u00fcr gemeinschaftliches Miteinander in Wei\u00dfensee. Durch<br>gemeinwesenorientierte Stadtteilarbeit an verschiedenen festen Standorten verbessert sich die<br>Lebens- und Wohnqualit\u00e4t im Kiez. Diesen Herbst kommt eine besondere Erweiterung zur<br>bisherigen Arbeit hinzu: Das mobile Stadtteilzentrum Ja!Space wird er\u00f6ffnet!<br>Das Projekt \u201eMobile Stadtteilarbeit\u201c hat im Laufe des Jahres die aktuellen Bedarfe der B\u00fcrger:innen<br>in Wei\u00dfensee Ost herausgefunden und zusammengestellt. In enger Zusammenarbeit mit dem<br>Landesprogramm \u201eSt\u00e4rkung Berliner Gro\u00dfsiedlungen\u201c konnte so das Ja!Space entstehen. Es geht<br>genau auf diese Bedarfe ein, indem es einen flexiblen Ort f\u00fcr leicht erreichbare und<br>generations\u00fcbergreifende Angebote schafft. Hier findet sich also Zugang zu verschiedensten<br>Informationen aus dem Kiez, Unterst\u00fctzung in herausfordernden Lebenslagen, Empowerment,<br>Kultur, Sport und jeder Menge Begegnung.<\/p>\n\n\n\n<p><\/p>\n\n\n\n<figure class=\"wp-block-gallery has-nested-images columns-default is-cropped wp-block-gallery-1 is-layout-flex wp-block-gallery-is-layout-flex\">\n<figure class=\"wp-block-image size-large\"><img loading=\"lazy\" decoding=\"async\" width=\"1024\" height=\"768\" data-id=\"1484\" src=\"https:\/\/www.unser-weissensee.de\/wp-content\/uploads\/2022\/11\/20221021_132530-1024x768.jpg\" alt=\"\" class=\"wp-image-1484\"\/><\/figure>\n\n\n\n<figure class=\"wp-block-image size-large\"><img loading=\"lazy\" decoding=\"async\" width=\"1024\" height=\"768\" data-id=\"1485\" src=\"https:\/\/www.unser-weissensee.de\/wp-content\/uploads\/2022\/11\/20221021_133953-1024x768.jpg\" alt=\"\" class=\"wp-image-1485\"\/><\/figure>\n\n\n\n<figure class=\"wp-block-image size-large\"><img loading=\"lazy\" decoding=\"async\" width=\"1024\" height=\"768\" data-id=\"1483\" src=\"https:\/\/www.unser-weissensee.de\/wp-content\/uploads\/2022\/11\/20221021_145443-1024x768.jpg\" alt=\"\" class=\"wp-image-1483\"\/><\/figure>\n<\/figure>\n\n\n\n<p><\/p>\n\n\n\n<h2 class=\"wp-block-heading\">Tiny House auf R\u00e4dern<\/h2>\n\n\n\n<p>Das mobile Stadtteilzentrum ist ein Tiny House auf R\u00e4dern. In Den Haag in den Niederlanden<br>wurde das kleine Holzhaus auf einem PKW-Anh\u00e4nger ma\u00dfgeschneidert angefertigt. Beim Bau<br>wurden viele recycelte Materialien verwendet. Das schont die Ressourcen und verringert den<br>Einfluss auf unsere Umwelt. Regenwasser kann direkt vor Ort aufbereitet werden und es gibt ein<br>Kompost-WC, das ganz ohne die Verwendung von Wasser funktioniert. Mit einer Gr\u00f6\u00dfe von<br>4,8&#215;2,3 Metern und einer H\u00f6he von 3,5 Metern kann es sich perfekt an verschiedenen Standorten in<br>die Nachbarschaft einpassen. Eine kleine Terrasse macht es noch einladender.<br>Erste konkrete Veranstaltungen und Nutzungsideen sind schon in Planung: Unter der Woche ist hier<br>Raum f\u00fcr verschiedene Sprechstunden des Teams der \u201eMobilen Stadtteilarbeit\u201c und seinen<br>Kooperationspartner:innen. F\u00fcr Jugendliche wird ein spezielles Beratungsangebot geschaffen. Es<br>wird Zeiten f\u00fcr Co-Working geben, f\u00fcr Yogastunden, Qi Gong und Meditation. Kinder und<br>Familien k\u00f6nnen an Kreativangeboten teilnehmen und auch die Wissenskisten werden mit ihrem<br>Bildungsangebot im mobilen Stadtteilzentrum zu Besuch sein. Am Wochenende ist der Ort dann<br>offen f\u00fcr weitere Nutzungen durch Initiativen aus dem Kiez.<br><br><strong>Bis Mitte 2023 wird der Ja!Space auf dem ehemaligen Sportplatz in der Neumagener Stra\u00dfe in Wei\u00dfensee stehen. Schauen Sie bei Ihrem n\u00e4chsten Spaziergang mal vorbei. <\/strong><\/p>\n\n\n\n<p><em>Text und Foto: Katharina Hohaus<\/em><\/p>\n\n\n\n<h2 class=\"wp-block-heading\"><\/h2>\n\n\n\n<p>Links dazu:<\/p>\n\n\n\n<p><a href=\"https:\/\/www.morgenpost.de\/bezirke\/pankow\/article237021407\/Tiny-House-in-Weissensee-Ein-Berliner-Kieztreff-auf-Raedern.html\">https:\/\/www.morgenpost.de\/bezirke\/pankow\/article237021407\/Tiny-House-in-Weissensee-Ein-Berliner-Kieztreff-auf-Raedern.html<\/a><\/p>\n","protected":false},"excerpt":{"rendered":"<p>Das FreiZeitHaus steht seit \u00fcber 30 Jahren f\u00fcr gemeinschaftliches Miteinander in Wei\u00dfensee. Durchgemeinwesenorientierte Stadtteilarbeit an verschiedenen festen Standorten verbessert sich dieLebens- und Wohnqualit\u00e4t im Kiez. Diesen Herbst kommt eine besondere Erweiterung zurbisherigen Arbeit hinzu: Das mobile Stadtteilzentrum Ja!Space wird er\u00f6ffnet!Das [&hellip;]<\/p>\n","protected":false},"author":5,"featured_media":1405,"comment_status":"closed","ping_status":"open","sticky":false,"template":"","format":"standard","meta":{"footnotes":""},"categories":[38],"tags":[43,64,66,65,41],"class_list":["post-1402","post","type-post","status-publish","format-standard","has-post-thumbnail","hentry","category-initiativen-berichten","tag-berlin","tag-ja-space","tag-mobiles-stadtteilzentrum","tag-tiny-house","tag-weissensee"],"_links":{"self":[{"href":"https:\/\/www.unser-weissensee.de\/index.php\/wp-json\/wp\/v2\/posts\/1402","targetHints":{"allow":["GET"]}}],"collection":[{"href":"https:\/\/www.unser-weissensee.de\/index.php\/wp-json\/wp\/v2\/posts"}],"about":[{"href":"https:\/\/www.unser-weissensee.de\/index.php\/wp-json\/wp\/v2\/types\/post"}],"author":[{"embeddable":true,"href":"https:\/\/www.unser-weissensee.de\/index.php\/wp-json\/wp\/v2\/users\/5"}],"replies":[{"embeddable":true,"href":"https:\/\/www.unser-weissensee.de\/index.php\/wp-json\/wp\/v2\/comments?post=1402"}],"version-history":[{"count":16,"href":"https:\/\/www.unser-weissensee.de\/index.php\/wp-json\/wp\/v2\/posts\/1402\/revisions"}],"predecessor-version":[{"id":1570,"href":"https:\/\/www.unser-weissensee.de\/index.php\/wp-json\/wp\/v2\/posts\/1402\/revisions\/1570"}],"wp:featuredmedia":[{"embeddable":true,"href":"https:\/\/www.unser-weissensee.de\/index.php\/wp-json\/wp\/v2\/media\/1405"}],"wp:attachment":[{"href":"https:\/\/www.unser-weissensee.de\/index.php\/wp-json\/wp\/v2\/media?parent=1402"}],"wp:term":[{"taxonomy":"category","embeddable":true,"href":"https:\/\/www.unser-weissensee.de\/index.php\/wp-json\/wp\/v2\/categories?post=1402"},{"taxonomy":"post_tag","embeddable":true,"href":"https:\/\/www.unser-weissensee.de\/index.php\/wp-json\/wp\/v2\/tags?post=1402"}],"curies":[{"name":"wp","href":"https:\/\/api.w.org\/{rel}","templated":true}]}}